{"id":16474,"date":"2025-05-21T11:14:44","date_gmt":"2025-05-21T15:14:44","guid":{"rendered":"http:\/\/www.theadkx.org\/?p=16474"},"modified":"2025-05-21T11:14:47","modified_gmt":"2025-05-21T15:14:47","slug":"adirondack-experience-recibe-una-financiacion-estatal-historica-de-2-millones-de-dolares-para-apoyar-la-creacion-de-la-nueva-gran-exposicion-the-african-american-experience-in-the-adirondacks-que-se-i","status":"publish","type":"post","link":"https:\/\/www.theadkx.org\/es\/adirondack-experience-receives-historic-2m-in-state-funding-to-support-creation-of-major-new-exhibition-the-african-american-experience-in-the-adirondacks-opening-in-2027\/","title":{"rendered":"Adirondack Experience recibe una financiaci\u00f3n estatal hist\u00f3rica de $2M para apoyar la creaci\u00f3n de la nueva gran exposici\u00f3n The African American Experience in the Adirondacks, que se inaugurar\u00e1 en 2027"},"content":{"rendered":"<p><strong>Blue Mountain Lake, NY-<\/strong>La Experiencia Adirondack, el Museo del Lago Blue Mountain (ADKX), ha recibido $2M en financiaci\u00f3n del Estado de Nueva York en apoyo de una nueva exposici\u00f3n permanente $3M, la <em>La experiencia afroamericana en los Adirondacks<\/em>. La nueva financiaci\u00f3n se sumar\u00e1 a los $750.000 que ADKX ya ha recaudado. Inaugurada el 4 de julio de 2027, la exposici\u00f3n contribuir\u00e1 a celebrar la abolici\u00f3n de la esclavitud en el estado de Nueva York.<\/p>\n\n\n\n<p>La planificaci\u00f3n de la exposici\u00f3n ya est\u00e1 en marcha. Charles Clark III es el comisario del proyecto y dirigir\u00e1 una iniciativa de recopilaci\u00f3n p\u00fablica para identificar documentos, fotograf\u00edas y artefactos en manos privadas que puedan ayudar a contar la historia de las comunidades negras de los Adirondacks. Se ha reunido un comit\u00e9 asesor de expertos en historia afroamericana formado por: Amy Godine (historiadora independiente), el Dr. Clarence Jefferson Hall (Queensborough Community College), la Dra. Melissane Shrems (St. Lawrence University), la Dra. Gretchen Sorin (SUNY Oneonta) y el Dr. Connor Williams (Great Camp Sagamore). Juntos, dar\u00e1n forma al contenido de la exposici\u00f3n de 2.200 pies cuadrados que ser\u00e1 la exploraci\u00f3n m\u00e1s completa de las historias de los afroamericanos de la regi\u00f3n que ning\u00fan museo del North Country haya emprendido jam\u00e1s. La exposici\u00f3n explorar\u00e1 las vidas de destacados afroamericanos que han llamado a North Country su hogar, as\u00ed como de la gente corriente: los mineros, le\u00f1adores, trabajadores de la hosteler\u00eda y otros que ayudaron a construir la econom\u00eda local. Como ocurre con todas las exposiciones de ADKX, la <em>La experiencia afroamericana en los Adirondacks<\/em> incluir\u00e1 funciones interactivas para atraer a 21<sup>st <\/sup>del siglo XXI. Como complemento de la nueva exposici\u00f3n, se elaborar\u00e1 una programaci\u00f3n escolar para los centros de la regi\u00f3n.<\/p>\n\n\n\n<blockquote class=\"wp-block-quote is-layout-flow wp-block-quote-is-layout-flow\">\n<p>&nbsp;\u201cEstamos muy agradecidos por haber contado con el apoyo de la legislatura estatal -especialmente del senador Jeremy Cooney, la asamble\u00edsta Michaelle C. Solanges y el Grupo Legislativo de Negros, Puertorrique\u00f1os, Hispanos y Asi\u00e1ticos del Estado de Nueva York- para este importante proyecto\u201d, declar\u00f3 el director ejecutivo de ADKX, David Kahn. \u201cLa creaci\u00f3n de esta exposici\u00f3n nos ayudar\u00e1 a hacer realidad nuestro objetivo de contar las historias de todos los habitantes de Adirondack. Tambi\u00e9n prevemos que la exposici\u00f3n contribuir\u00e1 a atraer turistas de herencia afroamericana a la regi\u00f3n.\u201d<\/p>\n<\/blockquote>\n\n\n\n<p>La inauguraci\u00f3n de esta exposici\u00f3n representa otro gran paso adelante en la iniciativa en curso de ADKX para reexaminar y ampliar las narrativas que han dado forma a la comprensi\u00f3n com\u00fan de los Adirondacks y arrojar nueva luz sobre las experiencias de las diversas comunidades de la regi\u00f3n. Esta iniciativa comenz\u00f3 en serio con la inauguraci\u00f3n de una gran exposici\u00f3n permanente sobre las comunidades mohawk y abenaki, <em>Un desierto poblado<\/em>, en 2017.<\/p>\n\n\n\n<p><em>La experiencia afroamericana en los Adirondacks<\/em> es una de las grandes exposiciones permanentes que ADKX tiene previsto presentar en el futuro. Otros proyectos se centrar\u00e1n en los bosques de Adirondack y en la industria hotelera y tur\u00edstica.<\/p>\n\n\n\n<h2 class=\"wp-block-heading has-large-font-size\" id=\"h-about-adirondack-experience-the-museum-on-blue-mountain-lake\">Acerca de Adirondack Experience, el museo del lago Blue Mountain<\/h2>\n\n\n\n<p><strong>Adirondack Experience, el museo del lago Blue Mountain (ADKX)<\/strong>, El ADKX, acreditado por la Alianza Americana de Museos, comparte la historia y la cultura de la regi\u00f3n de Adirondack a trav\u00e9s de exposiciones interactivas, actividades pr\u00e1cticas y colecciones culturalmente ricas en m\u00e1s de 24 edificios hist\u00f3ricos y contempor\u00e1neos en un campus de 121 acres en el coraz\u00f3n de los Adirondacks. El ADKX ofrece un amplio abanico de programas y actividades, como exposiciones especiales y permanentes, el museo de 19.000 pies cuadrados <em>La vida en los Adirondacks <\/em>exposici\u00f3n interactiva y nueva <em>Artistas e inspiraci\u00f3n en la naturaleza<\/em>, excursiones por senderos naturales y paseos en barca por Minnow Pond. El ADKX ofrece actividades diarias con artistas residentes, talleres, conferencias, paseos por la naturaleza, programas familiares y educativos, y eventos emblem\u00e1ticos como la Feria R\u00fastica, el FallFest y el Festival de Arte de Adirondack. El museo se financia en parte con donaciones del p\u00fablico en general, y una parte de las ayudas generales de funcionamiento son posibles gracias al Consejo de las Artes del Estado de Nueva York, con el apoyo de la Gobernadora Kathy Hochul y la Legislatura del Estado de Nueva York. Para m\u00e1s informaci\u00f3n, llame al 518-352-7311 o visite www.theADKX.org.<\/p>\n\n\n\n<p><strong>Contacto con los medios de comunicaci\u00f3n:<\/strong><\/p>\n\n\n\n<p>Tara Murphy<\/p>\n\n\n\n<p>Director de Marketing y Comunicaci\u00f3n<\/p>\n\n\n\n<p>tmurphy@theadkx.org&nbsp;&nbsp;&nbsp;&nbsp;&nbsp;&nbsp;&nbsp;&nbsp;&nbsp;&nbsp;&nbsp;&nbsp;&nbsp;<br>&nbsp;O: (518) 352-7311 ext. 182<\/p>\n\n\n\n<p><\/p>\n\n\n\n<p>Charles Clark III<\/p>\n\n\n\n<p>Comisario del proyecto<\/p>\n\n\n\n<p><a href=\"mailto:cclark@theadkx.org\">cclark@theadkx.org<\/a><\/p>\n\n\n\n<p>O: (518) 352-7311 ext. 187<\/p>\n\n\n\n<details class=\"wp-block-details is-layout-flow wp-block-details-is-layout-flow\"><summary>Descargue aqu\u00ed el comunicado completo<\/summary>\n<div data-wp-interactive=\"core\/file\" class=\"wp-block-file\"><object data-wp-bind--hidden=\"!state.hasPdfPreview\" hidden class=\"wp-block-file__embed\" data=\"https:\/\/www.theadkx.org\/wp-content\/uploads\/2025\/05\/ADKX-African-American-Exhibit-Release_update_FINAL.pdf\" type=\"application\/pdf\" style=\"width:100%;height:600px\" aria-label=\"Incrustado de ADKX African American Exhibit Release_update_FINAL.\"><\/object><a id=\"wp-block-file--media-12144e1a-009d-4cde-a308-841828e1b2f4\" href=\"https:\/\/www.theadkx.org\/wp-content\/uploads\/2025\/05\/ADKX-African-American-Exhibit-Release_update_FINAL.pdf\">ADKX Exposici\u00f3n afroamericana Release_update_FINAL<\/a><a href=\"https:\/\/www.theadkx.org\/wp-content\/uploads\/2025\/05\/ADKX-African-American-Exhibit-Release_update_FINAL.pdf\" class=\"wp-block-file__button wp-element-button\" download aria-describedby=\"wp-block-file--media-12144e1a-009d-4cde-a308-841828e1b2f4\">Descargar<\/a><\/div>\n<\/details>\n\n\n\n<p><\/p>","protected":false},"excerpt":{"rendered":"<p>Blue Mountain Lake, NY\u2014The Adirondack Experience, the Museum on Blue Mountain Lake (ADKX), has received $2M in funding from New York State in support of a new $3M permanent exhibition, [&hellip;]<\/p>\n","protected":false},"author":11,"featured_media":12174,"comment_status":"closed","ping_status":"closed","sticky":false,"template":"","format":"standard","meta":{"_acf_changed":false,"om_disable_all_campaigns":false,"footnotes":""},"categories":[14],"tags":[],"class_list":["post-16474","post","type-post","status-publish","format-standard","has-post-thumbnail","hentry","category-press-room"],"acf":[],"yoast_head":"<!-- This site is optimized with the Yoast SEO Premium plugin v22.8 (Yoast SEO v27.5) - https:\/\/yoast.com\/product\/yoast-seo-premium-wordpress\/ -->\n<title>Adirondack Experience Receives Historic $2M in State Funding to Support Creation of Major New Exhibition The African American Experience in the Adirondacks Opening in 2027 | Adirondack Experience<\/title>\n<meta name=\"robots\" content=\"index, follow, max-snippet:-1, max-image-preview:large, max-video-preview:-1\" \/>\n<link rel=\"canonical\" href=\"https:\/\/www.theadkx.org\/es\/adirondack-experience-recibe-una-financiacion-estatal-historica-de-2-millones-de-dolares-para-apoyar-la-creacion-de-la-nueva-gran-exposicion-the-african-american-experience-in-the-adirondacks-que-se-i\/\" \/>\n<meta property=\"og:locale\" content=\"es_ES\" \/>\n<meta property=\"og:type\" content=\"article\" \/>\n<meta property=\"og:title\" content=\"Adirondack Experience Receives Historic $2M in State Funding to Support Creation of Major New Exhibition The African American Experience in the Adirondacks Opening in 2027\" \/>\n<meta property=\"og:description\" content=\"Blue Mountain Lake, NY\u2014The Adirondack Experience, the Museum on Blue Mountain Lake (ADKX), has received $2M in funding from New York State in support of a\" \/>\n<meta property=\"og:url\" content=\"https:\/\/www.theadkx.org\/es\/adirondack-experience-recibe-una-financiacion-estatal-historica-de-2-millones-de-dolares-para-apoyar-la-creacion-de-la-nueva-gran-exposicion-the-african-american-experience-in-the-adirondacks-que-se-i\/\" \/>\n<meta property=\"og:site_name\" content=\"Adirondack Experience\" \/>\n<meta property=\"article:publisher\" content=\"https:\/\/www.facebook.com\/theADKX\/\" \/>\n<meta property=\"article:published_time\" content=\"2025-05-21T15:14:44+00:00\" \/>\n<meta property=\"article:modified_time\" content=\"2025-05-21T15:14:47+00:00\" \/>\n<meta property=\"og:image\" content=\"https:\/\/www.theadkx.org\/wp-content\/uploads\/2023\/06\/nbXper4AllLR-7511-1030x687.jpg\" \/>\n\t<meta property=\"og:image:width\" content=\"1030\" \/>\n\t<meta property=\"og:image:height\" content=\"687\" \/>\n\t<meta property=\"og:image:type\" content=\"image\/jpeg\" \/>\n<meta name=\"author\" content=\"Joe Dolan\" \/>\n<meta name=\"twitter:card\" content=\"summary_large_image\" \/>\n<meta name=\"twitter:creator\" content=\"@theadkx\" \/>\n<meta name=\"twitter:site\" content=\"@theadkx\" \/>\n<meta name=\"twitter:label1\" content=\"Escrito por\" \/>\n\t<meta name=\"twitter:data1\" content=\"Joe Dolan\" \/>\n\t<meta name=\"twitter:label2\" content=\"Tiempo de lectura\" \/>\n\t<meta name=\"twitter:data2\" content=\"3 minutos\" \/>\n<script type=\"application\/ld+json\" class=\"yoast-schema-graph\">{\"@context\":\"https:\\\/\\\/schema.org\",\"@graph\":[{\"@type\":\"Article\",\"@id\":\"https:\\\/\\\/www.theadkx.org\\\/adirondack-experience-receives-historic-2m-in-state-funding-to-support-creation-of-major-new-exhibition-the-african-american-experience-in-the-adirondacks-opening-in-2027\\\/#article\",\"isPartOf\":{\"@id\":\"https:\\\/\\\/www.theadkx.org\\\/adirondack-experience-receives-historic-2m-in-state-funding-to-support-creation-of-major-new-exhibition-the-african-american-experience-in-the-adirondacks-opening-in-2027\\\/\"},\"author\":{\"name\":\"Joe Dolan\",\"@id\":\"https:\\\/\\\/www.theadkx.org\\\/#\\\/schema\\\/person\\\/57ece69aee53d2cc4ccd2b34e79256f4\"},\"headline\":\"Adirondack Experience Receives Historic $2M in State Funding to Support Creation of Major New Exhibition The African American Experience in the Adirondacks Opening in 2027\",\"datePublished\":\"2025-05-21T15:14:44+00:00\",\"dateModified\":\"2025-05-21T15:14:47+00:00\",\"mainEntityOfPage\":{\"@id\":\"https:\\\/\\\/www.theadkx.org\\\/adirondack-experience-receives-historic-2m-in-state-funding-to-support-creation-of-major-new-exhibition-the-african-american-experience-in-the-adirondacks-opening-in-2027\\\/\"},\"wordCount\":717,\"publisher\":{\"@id\":\"https:\\\/\\\/www.theadkx.org\\\/#organization\"},\"image\":{\"@id\":\"https:\\\/\\\/www.theadkx.org\\\/adirondack-experience-receives-historic-2m-in-state-funding-to-support-creation-of-major-new-exhibition-the-african-american-experience-in-the-adirondacks-opening-in-2027\\\/#primaryimage\"},\"thumbnailUrl\":\"https:\\\/\\\/www.theadkx.org\\\/wp-content\\\/uploads\\\/2023\\\/06\\\/nbXper4AllLR-7511.jpg\",\"articleSection\":[\"Press Room\"],\"inLanguage\":\"es\"},{\"@type\":\"WebPage\",\"@id\":\"https:\\\/\\\/www.theadkx.org\\\/adirondack-experience-receives-historic-2m-in-state-funding-to-support-creation-of-major-new-exhibition-the-african-american-experience-in-the-adirondacks-opening-in-2027\\\/\",\"url\":\"https:\\\/\\\/www.theadkx.org\\\/adirondack-experience-receives-historic-2m-in-state-funding-to-support-creation-of-major-new-exhibition-the-african-american-experience-in-the-adirondacks-opening-in-2027\\\/\",\"name\":\"Adirondack Experience Receives Historic $2M in State Funding to Support Creation of Major New Exhibition The African American Experience in the Adirondacks Opening in 2027 | Adirondack Experience\",\"isPartOf\":{\"@id\":\"https:\\\/\\\/www.theadkx.org\\\/#website\"},\"primaryImageOfPage\":{\"@id\":\"https:\\\/\\\/www.theadkx.org\\\/adirondack-experience-receives-historic-2m-in-state-funding-to-support-creation-of-major-new-exhibition-the-african-american-experience-in-the-adirondacks-opening-in-2027\\\/#primaryimage\"},\"image\":{\"@id\":\"https:\\\/\\\/www.theadkx.org\\\/adirondack-experience-receives-historic-2m-in-state-funding-to-support-creation-of-major-new-exhibition-the-african-american-experience-in-the-adirondacks-opening-in-2027\\\/#primaryimage\"},\"thumbnailUrl\":\"https:\\\/\\\/www.theadkx.org\\\/wp-content\\\/uploads\\\/2023\\\/06\\\/nbXper4AllLR-7511.jpg\",\"datePublished\":\"2025-05-21T15:14:44+00:00\",\"dateModified\":\"2025-05-21T15:14:47+00:00\",\"breadcrumb\":{\"@id\":\"https:\\\/\\\/www.theadkx.org\\\/adirondack-experience-receives-historic-2m-in-state-funding-to-support-creation-of-major-new-exhibition-the-african-american-experience-in-the-adirondacks-opening-in-2027\\\/#breadcrumb\"},\"inLanguage\":\"es\",\"potentialAction\":[{\"@type\":\"ReadAction\",\"target\":[\"https:\\\/\\\/www.theadkx.org\\\/adirondack-experience-receives-historic-2m-in-state-funding-to-support-creation-of-major-new-exhibition-the-african-american-experience-in-the-adirondacks-opening-in-2027\\\/\"]}]},{\"@type\":\"ImageObject\",\"inLanguage\":\"es\",\"@id\":\"https:\\\/\\\/www.theadkx.org\\\/adirondack-experience-receives-historic-2m-in-state-funding-to-support-creation-of-major-new-exhibition-the-african-american-experience-in-the-adirondacks-opening-in-2027\\\/#primaryimage\",\"url\":\"https:\\\/\\\/www.theadkx.org\\\/wp-content\\\/uploads\\\/2023\\\/06\\\/nbXper4AllLR-7511.jpg\",\"contentUrl\":\"https:\\\/\\\/www.theadkx.org\\\/wp-content\\\/uploads\\\/2023\\\/06\\\/nbXper4AllLR-7511.jpg\",\"width\":1600,\"height\":1067,\"caption\":\"Scene at the AdkX, the Adirondack Museum in Blue Mt Lake NY during a new event called Xperience For All. photo by Nancie Battaglia\"},{\"@type\":\"BreadcrumbList\",\"@id\":\"https:\\\/\\\/www.theadkx.org\\\/adirondack-experience-receives-historic-2m-in-state-funding-to-support-creation-of-major-new-exhibition-the-african-american-experience-in-the-adirondacks-opening-in-2027\\\/#breadcrumb\",\"itemListElement\":[{\"@type\":\"ListItem\",\"position\":1,\"name\":\"Home\",\"item\":\"https:\\\/\\\/www.theadkx.org\\\/homepage\\\/\"},{\"@type\":\"ListItem\",\"position\":2,\"name\":\"Adirondack Experience Receives Historic $2M in State Funding to Support Creation of Major New Exhibition The African American Experience in the Adirondacks Opening in 2027\"}]},{\"@type\":\"WebSite\",\"@id\":\"https:\\\/\\\/www.theadkx.org\\\/#website\",\"url\":\"https:\\\/\\\/www.theadkx.org\\\/\",\"name\":\"Adirondack Experience\",\"description\":\"The Museum on Blue Mountain Lake\",\"publisher\":{\"@id\":\"https:\\\/\\\/www.theadkx.org\\\/#organization\"},\"potentialAction\":[{\"@type\":\"SearchAction\",\"target\":{\"@type\":\"EntryPoint\",\"urlTemplate\":\"https:\\\/\\\/www.theadkx.org\\\/?s={search_term_string}\"},\"query-input\":{\"@type\":\"PropertyValueSpecification\",\"valueRequired\":true,\"valueName\":\"search_term_string\"}}],\"inLanguage\":\"es\"},{\"@type\":\"Organization\",\"@id\":\"https:\\\/\\\/www.theadkx.org\\\/#organization\",\"name\":\"Adirondack Experience, The Museum on Blue Mountain Lake\",\"url\":\"https:\\\/\\\/www.theadkx.org\\\/\",\"logo\":{\"@type\":\"ImageObject\",\"inLanguage\":\"es\",\"@id\":\"https:\\\/\\\/www.theadkx.org\\\/#\\\/schema\\\/logo\\\/image\\\/\",\"url\":\"https:\\\/\\\/www.theadkx.org\\\/wp-content\\\/uploads\\\/2021\\\/03\\\/ADKX_LOGO.png\",\"contentUrl\":\"https:\\\/\\\/www.theadkx.org\\\/wp-content\\\/uploads\\\/2021\\\/03\\\/ADKX_LOGO.png\",\"width\":440,\"height\":276,\"caption\":\"Adirondack Experience, The Museum on Blue Mountain Lake\"},\"image\":{\"@id\":\"https:\\\/\\\/www.theadkx.org\\\/#\\\/schema\\\/logo\\\/image\\\/\"},\"sameAs\":[\"https:\\\/\\\/www.facebook.com\\\/theADKX\\\/\",\"https:\\\/\\\/x.com\\\/theadkx\",\"https:\\\/\\\/www.instagram.com\\\/theadkx\\\/\",\"https:\\\/\\\/www.youtube.com\\\/user\\\/AdirondackMuseum\"]},{\"@type\":\"Person\",\"@id\":\"https:\\\/\\\/www.theadkx.org\\\/#\\\/schema\\\/person\\\/57ece69aee53d2cc4ccd2b34e79256f4\",\"name\":\"Joe Dolan\",\"image\":{\"@type\":\"ImageObject\",\"inLanguage\":\"es\",\"@id\":\"https:\\\/\\\/secure.gravatar.com\\\/avatar\\\/23846da25bfb5135b3880ceb8372db2eda4a9a1873d0d07e7a1bdea4d5562c5f?s=96&d=mm&r=g\",\"url\":\"https:\\\/\\\/secure.gravatar.com\\\/avatar\\\/23846da25bfb5135b3880ceb8372db2eda4a9a1873d0d07e7a1bdea4d5562c5f?s=96&d=mm&r=g\",\"contentUrl\":\"https:\\\/\\\/secure.gravatar.com\\\/avatar\\\/23846da25bfb5135b3880ceb8372db2eda4a9a1873d0d07e7a1bdea4d5562c5f?s=96&d=mm&r=g\",\"caption\":\"Joe Dolan\"},\"sameAs\":[\"https:\\\/\\\/www.theadkx.org\\\/\"]}]}<\/script>\n<!-- \/ Yoast SEO Premium plugin. -->","yoast_head_json":{"title":"Adirondack Experience recibe la hist\u00f3rica cantidad de $2M en fondos estatales para apoyar la creaci\u00f3n de la nueva gran exposici\u00f3n The African American Experience in the Adirondacks, que se inaugurar\u00e1 en 2027 | Adirondack Experience","robots":{"index":"index","follow":"follow","max-snippet":"max-snippet:-1","max-image-preview":"max-image-preview:large","max-video-preview":"max-video-preview:-1"},"canonical":"https:\/\/www.theadkx.org\/es\/adirondack-experience-recibe-una-financiacion-estatal-historica-de-2-millones-de-dolares-para-apoyar-la-creacion-de-la-nueva-gran-exposicion-the-african-american-experience-in-the-adirondacks-que-se-i\/","og_locale":"es_ES","og_type":"article","og_title":"Adirondack Experience Receives Historic $2M in State Funding to Support Creation of Major New Exhibition The African American Experience in the Adirondacks Opening in 2027","og_description":"Blue Mountain Lake, NY\u2014The Adirondack Experience, the Museum on Blue Mountain Lake (ADKX), has received $2M in funding from New York State in support of a","og_url":"https:\/\/www.theadkx.org\/es\/adirondack-experience-recibe-una-financiacion-estatal-historica-de-2-millones-de-dolares-para-apoyar-la-creacion-de-la-nueva-gran-exposicion-the-african-american-experience-in-the-adirondacks-que-se-i\/","og_site_name":"Adirondack Experience","article_publisher":"https:\/\/www.facebook.com\/theADKX\/","article_published_time":"2025-05-21T15:14:44+00:00","article_modified_time":"2025-05-21T15:14:47+00:00","og_image":[{"width":1030,"height":687,"url":"https:\/\/www.theadkx.org\/wp-content\/uploads\/2023\/06\/nbXper4AllLR-7511-1030x687.jpg","type":"image\/jpeg"}],"author":"Joe Dolan","twitter_card":"summary_large_image","twitter_creator":"@theadkx","twitter_site":"@theadkx","twitter_misc":{"Escrito por":"Joe Dolan","Tiempo de lectura":"3 minutos"},"schema":{"@context":"https:\/\/schema.org","@graph":[{"@type":"Article","@id":"https:\/\/www.theadkx.org\/adirondack-experience-receives-historic-2m-in-state-funding-to-support-creation-of-major-new-exhibition-the-african-american-experience-in-the-adirondacks-opening-in-2027\/#article","isPartOf":{"@id":"https:\/\/www.theadkx.org\/adirondack-experience-receives-historic-2m-in-state-funding-to-support-creation-of-major-new-exhibition-the-african-american-experience-in-the-adirondacks-opening-in-2027\/"},"author":{"name":"Joe Dolan","@id":"https:\/\/www.theadkx.org\/#\/schema\/person\/57ece69aee53d2cc4ccd2b34e79256f4"},"headline":"Adirondack Experience Receives Historic $2M in State Funding to Support Creation of Major New Exhibition The African American Experience in the Adirondacks Opening in 2027","datePublished":"2025-05-21T15:14:44+00:00","dateModified":"2025-05-21T15:14:47+00:00","mainEntityOfPage":{"@id":"https:\/\/www.theadkx.org\/adirondack-experience-receives-historic-2m-in-state-funding-to-support-creation-of-major-new-exhibition-the-african-american-experience-in-the-adirondacks-opening-in-2027\/"},"wordCount":717,"publisher":{"@id":"https:\/\/www.theadkx.org\/#organization"},"image":{"@id":"https:\/\/www.theadkx.org\/adirondack-experience-receives-historic-2m-in-state-funding-to-support-creation-of-major-new-exhibition-the-african-american-experience-in-the-adirondacks-opening-in-2027\/#primaryimage"},"thumbnailUrl":"https:\/\/www.theadkx.org\/wp-content\/uploads\/2023\/06\/nbXper4AllLR-7511.jpg","articleSection":["Press Room"],"inLanguage":"es"},{"@type":"WebPage","@id":"https:\/\/www.theadkx.org\/adirondack-experience-receives-historic-2m-in-state-funding-to-support-creation-of-major-new-exhibition-the-african-american-experience-in-the-adirondacks-opening-in-2027\/","url":"https:\/\/www.theadkx.org\/adirondack-experience-receives-historic-2m-in-state-funding-to-support-creation-of-major-new-exhibition-the-african-american-experience-in-the-adirondacks-opening-in-2027\/","name":"Adirondack Experience recibe la hist\u00f3rica cantidad de $2M en fondos estatales para apoyar la creaci\u00f3n de la nueva gran exposici\u00f3n The African American Experience in the Adirondacks, que se inaugurar\u00e1 en 2027 | Adirondack Experience","isPartOf":{"@id":"https:\/\/www.theadkx.org\/#website"},"primaryImageOfPage":{"@id":"https:\/\/www.theadkx.org\/adirondack-experience-receives-historic-2m-in-state-funding-to-support-creation-of-major-new-exhibition-the-african-american-experience-in-the-adirondacks-opening-in-2027\/#primaryimage"},"image":{"@id":"https:\/\/www.theadkx.org\/adirondack-experience-receives-historic-2m-in-state-funding-to-support-creation-of-major-new-exhibition-the-african-american-experience-in-the-adirondacks-opening-in-2027\/#primaryimage"},"thumbnailUrl":"https:\/\/www.theadkx.org\/wp-content\/uploads\/2023\/06\/nbXper4AllLR-7511.jpg","datePublished":"2025-05-21T15:14:44+00:00","dateModified":"2025-05-21T15:14:47+00:00","breadcrumb":{"@id":"https:\/\/www.theadkx.org\/adirondack-experience-receives-historic-2m-in-state-funding-to-support-creation-of-major-new-exhibition-the-african-american-experience-in-the-adirondacks-opening-in-2027\/#breadcrumb"},"inLanguage":"es","potentialAction":[{"@type":"ReadAction","target":["https:\/\/www.theadkx.org\/adirondack-experience-receives-historic-2m-in-state-funding-to-support-creation-of-major-new-exhibition-the-african-american-experience-in-the-adirondacks-opening-in-2027\/"]}]},{"@type":"ImageObject","inLanguage":"es","@id":"https:\/\/www.theadkx.org\/adirondack-experience-receives-historic-2m-in-state-funding-to-support-creation-of-major-new-exhibition-the-african-american-experience-in-the-adirondacks-opening-in-2027\/#primaryimage","url":"https:\/\/www.theadkx.org\/wp-content\/uploads\/2023\/06\/nbXper4AllLR-7511.jpg","contentUrl":"https:\/\/www.theadkx.org\/wp-content\/uploads\/2023\/06\/nbXper4AllLR-7511.jpg","width":1600,"height":1067,"caption":"Scene at the AdkX, the Adirondack Museum in Blue Mt Lake NY during a new event called Xperience For All. photo by Nancie Battaglia"},{"@type":"BreadcrumbList","@id":"https:\/\/www.theadkx.org\/adirondack-experience-receives-historic-2m-in-state-funding-to-support-creation-of-major-new-exhibition-the-african-american-experience-in-the-adirondacks-opening-in-2027\/#breadcrumb","itemListElement":[{"@type":"ListItem","position":1,"name":"Home","item":"https:\/\/www.theadkx.org\/homepage\/"},{"@type":"ListItem","position":2,"name":"Adirondack Experience Receives Historic $2M in State Funding to Support Creation of Major New Exhibition The African American Experience in the Adirondacks Opening in 2027"}]},{"@type":"WebSite","@id":"https:\/\/www.theadkx.org\/#website","url":"https:\/\/www.theadkx.org\/","name":"Experiencia Adirondack","description":"El Museo del Lago de la Monta\u00f1a Azul","publisher":{"@id":"https:\/\/www.theadkx.org\/#organization"},"potentialAction":[{"@type":"SearchAction","target":{"@type":"EntryPoint","urlTemplate":"https:\/\/www.theadkx.org\/?s={search_term_string}"},"query-input":{"@type":"PropertyValueSpecification","valueRequired":true,"valueName":"search_term_string"}}],"inLanguage":"es"},{"@type":"Organization","@id":"https:\/\/www.theadkx.org\/#organization","name":"Experiencia Adirondack, El Museo del Lago Blue Mountain","url":"https:\/\/www.theadkx.org\/","logo":{"@type":"ImageObject","inLanguage":"es","@id":"https:\/\/www.theadkx.org\/#\/schema\/logo\/image\/","url":"https:\/\/www.theadkx.org\/wp-content\/uploads\/2021\/03\/ADKX_LOGO.png","contentUrl":"https:\/\/www.theadkx.org\/wp-content\/uploads\/2021\/03\/ADKX_LOGO.png","width":440,"height":276,"caption":"Adirondack Experience, The Museum on Blue Mountain Lake"},"image":{"@id":"https:\/\/www.theadkx.org\/#\/schema\/logo\/image\/"},"sameAs":["https:\/\/www.facebook.com\/theADKX\/","https:\/\/x.com\/theadkx","https:\/\/www.instagram.com\/theadkx\/","https:\/\/www.youtube.com\/user\/AdirondackMuseum"]},{"@type":"Person","@id":"https:\/\/www.theadkx.org\/#\/schema\/person\/57ece69aee53d2cc4ccd2b34e79256f4","name":"Joe Dolan","image":{"@type":"ImageObject","inLanguage":"es","@id":"https:\/\/secure.gravatar.com\/avatar\/23846da25bfb5135b3880ceb8372db2eda4a9a1873d0d07e7a1bdea4d5562c5f?s=96&d=mm&r=g","url":"https:\/\/secure.gravatar.com\/avatar\/23846da25bfb5135b3880ceb8372db2eda4a9a1873d0d07e7a1bdea4d5562c5f?s=96&d=mm&r=g","contentUrl":"https:\/\/secure.gravatar.com\/avatar\/23846da25bfb5135b3880ceb8372db2eda4a9a1873d0d07e7a1bdea4d5562c5f?s=96&d=mm&r=g","caption":"Joe Dolan"},"sameAs":["https:\/\/www.theadkx.org\/"]}]}},"_links":{"self":[{"href":"https:\/\/www.theadkx.org\/es\/wp-json\/wp\/v2\/posts\/16474","targetHints":{"allow":["GET"]}}],"collection":[{"href":"https:\/\/www.theadkx.org\/es\/wp-json\/wp\/v2\/posts"}],"about":[{"href":"https:\/\/www.theadkx.org\/es\/wp-json\/wp\/v2\/types\/post"}],"author":[{"embeddable":true,"href":"https:\/\/www.theadkx.org\/es\/wp-json\/wp\/v2\/users\/11"}],"replies":[{"embeddable":true,"href":"https:\/\/www.theadkx.org\/es\/wp-json\/wp\/v2\/comments?post=16474"}],"version-history":[{"count":2,"href":"https:\/\/www.theadkx.org\/es\/wp-json\/wp\/v2\/posts\/16474\/revisions"}],"predecessor-version":[{"id":16477,"href":"https:\/\/www.theadkx.org\/es\/wp-json\/wp\/v2\/posts\/16474\/revisions\/16477"}],"wp:featuredmedia":[{"embeddable":true,"href":"https:\/\/www.theadkx.org\/es\/wp-json\/wp\/v2\/media\/12174"}],"wp:attachment":[{"href":"https:\/\/www.theadkx.org\/es\/wp-json\/wp\/v2\/media?parent=16474"}],"wp:term":[{"taxonomy":"category","embeddable":true,"href":"https:\/\/www.theadkx.org\/es\/wp-json\/wp\/v2\/categories?post=16474"},{"taxonomy":"post_tag","embeddable":true,"href":"https:\/\/www.theadkx.org\/es\/wp-json\/wp\/v2\/tags?post=16474"}],"curies":[{"name":"wp","href":"https:\/\/api.w.org\/{rel}","templated":true}]}}