{"id":18568,"date":"2026-03-19T11:07:13","date_gmt":"2026-03-19T15:07:13","guid":{"rendered":"http:\/\/www.theadkx.org\/?p=18568"},"modified":"2026-03-19T11:07:18","modified_gmt":"2026-03-19T15:07:18","slug":"adkx-anuncia-los-galardonados-con-el-premio-harold-k-hochschild-2026-dick-beamish-y-la-revista-adirondack-explorer","status":"publish","type":"post","link":"https:\/\/www.theadkx.org\/es\/adkx-announces-the-2026-harold-k-hochschild-award-recipients-dick-beamish-and-the-adirondack-explorer-magazine\/","title":{"rendered":"La ADKX anuncia los galardonados con el Premio Harold K. Hochschild 2026 Dick Beamish y la revista Adirondack Explorer"},"content":{"rendered":"<p><strong>19 de marzo de 2026<\/strong><\/p>\n\n\n\n<p><strong>Lago Blue Mountain, NY<\/strong> <strong>\u2014<\/strong> The Adirondack Experience, The Museum on Blue Mountain Lake (ADKX) celebrar\u00e1 su gala ben\u00e9fica anual y la ceremonia de entrega del premio Harold K. Hochschild el s\u00e1bado 25 de julio, de 17.00 a 21.00 horas, bajo las estrellas en su museo en el coraz\u00f3n de las Adirondacks. Esta celebraci\u00f3n anual y recaudaci\u00f3n de fondos destaca el servicio de la organizaci\u00f3n a la comunidad de Adirondack, as\u00ed como honra al galardonado con el Premio Harold K. Hochschild. Este premio, que se concede anualmente a un galardonado diferente, est\u00e1 dedicado a la memoria del fundador del museo, cuya pasi\u00f3n por los Adirondacks, su gente y su medio ambiente le inspir\u00f3 para crear el museo y establecer la Agencia del Parque Adirondack (APA). Los galardonados en 2026 son Dick Beamish y la revista Adirondack Explorer.\u00a0<\/p>\n\n\n\n<p><br>Durante m\u00e1s de cinco d\u00e9cadas, Dick Beamish ha sido uno de los defensores m\u00e1s persistentes y apasionados del Parque Adirondack. Nacido y criado en Albany, Beamish se enamor\u00f3 de la regi\u00f3n cuando era ni\u00f1o y pasaba los veranos en Camp Dudley, en el lago Champlain. Tras licenciarse en el Williams College y obtener un m\u00e1ster en periodismo en Columbia, se convirti\u00f3 en 1972 en el primer director de comunicaciones de la reci\u00e9n creada Agencia del Parque Adirondack. En ese puesto, recorri\u00f3 todo el estado trabajando para educar al p\u00fablico sobre la regi\u00f3n y la urgente necesidad de una planificaci\u00f3n y protecci\u00f3n meditadas. Sus relatos de primera mano de aquellos primeros a\u00f1os cruciales se conservan en los archivos de la ADKX como parte de una importante colecci\u00f3n de historia oral donada recientemente por el escritor Brad Edmondson.<\/p>\n\n\n\n<p>En los a\u00f1os 90, Beamish se dio cuenta de que hab\u00eda un vac\u00edo en la forma de compartir noticias e informaci\u00f3n sobre los Adirondacks. Las ideas err\u00f3neas sobre el Parque eran comunes, tanto dentro como fuera de la Blue Line, y \u00e9l cre\u00eda que una publicaci\u00f3n regional podr\u00eda ayudar a salvar las diferencias y elevar el di\u00e1logo informado. En 1998, tras a\u00f1os de determinaci\u00f3n y recaudaci\u00f3n de fondos, Beamish lanz\u00f3 <em>Explorador de Adirondack<\/em>, una revista de noticias sin \u00e1nimo de lucro dedicada a cubrir las comunidades naturales y humanas del Parque. Su misi\u00f3n: \u201cinformar e influir, identificar problemas y soluciones, ayudar a conformar la opini\u00f3n p\u00fablica y la pol\u00edtica\u201d.\u201d<\/p>\n\n\n\n<blockquote class=\"wp-block-quote is-layout-flow wp-block-quote-is-layout-flow\">\n<p><em><em>\u201cLa visi\u00f3n y el compromiso inquebrantable de Dick Beamish han fortalecido el conocimiento de los Adirondacks durante generaciones, y Adirondack Explorer contin\u00faa esa labor vital cada d\u00eda. Su dedicaci\u00f3n al di\u00e1logo reflexivo, la protecci\u00f3n del medio ambiente y la narraci\u00f3n de historias a la comunidad refleja los mismos ideales que defendi\u00f3 Harold Hochschild. Nos sentimos honrados de reconocer a Dick y al Explorador con el premio de este a\u00f1o, y esperamos celebrar su extraordinario impacto en la Gala 2026.\u201d<\/em> <\/em>dijo Nancy Keet, administradora de ADKX.<\/p>\n<\/blockquote>\n\n\n\n<p>Desde sus primeros n\u00fameros, el Explorer ha desempe\u00f1ado un papel esencial en la presentaci\u00f3n de informes equilibrados sobre temas complejos, celebrando la recreaci\u00f3n al aire libre y la historia natural, y destacando los desaf\u00edos y oportunidades que enfrentan las comunidades de Adirondack. Hoy es una de las fuentes de periodismo independiente m\u00e1s fiables de la regi\u00f3n.<\/p>\n\n\n\n<blockquote class=\"wp-block-quote is-layout-flow wp-block-quote-is-layout-flow\">\n<p><em><em>\u201cEstamos muy agradecidos a Dick Beamish y a Adirondack Explorer por sus d\u00e9cadas de dedicaci\u00f3n al Parque Adirondack. Su compromiso con la informaci\u00f3n reflexiva y la participaci\u00f3n de la comunidad ha hecho una diferencia duradera, y estamos encantados de honrarlos en la Gala de este a\u00f1o.\u201d<\/em> <\/em>dijo el Director Ejecutivo de ADKX, David Kahn<\/p>\n<\/blockquote>\n\n\n\n<p><br>Para comprar entradas para este evento o hacer una contribuci\u00f3n en honor de Dick Beamish y la revista Adirondack Explorer, visite el sitio web de ADKX. <a href=\"https:\/\/www.theadkx.org\/es\/evento\/benefit-gala-harold-k-hochschild-award\/\" target=\"_blank\" rel=\"noreferrer noopener\"><strong>AQU\u00cd<\/strong><\/a><strong>.<\/strong><br><\/p>\n\n\n\n<h3 class=\"wp-block-heading has-large-font-size\" id=\"h-about-adirondack-experience-the-museum-on-blue-mountain-lake\">Acerca de Adirondack Experience, el museo del lago Blue Mountain<\/h3>\n\n\n\n<p>Adirondack Experience, The Museum on Blue Mountain Lake (ADKX), acreditado por la Alianza Americana de Museos, comparte la historia y la cultura de la regi\u00f3n de Adirondack a trav\u00e9s de exposiciones interactivas, actividades pr\u00e1cticas y colecciones culturalmente ricas en m\u00e1s de 20 edificios hist\u00f3ricos y contempor\u00e1neos en un campus de 121 acres en el coraz\u00f3n de los Adirondacks. El museo se financia en parte con donaciones del p\u00fablico en general y, en parte, con la ayuda del Consejo de las Artes del Estado de Nueva York, con el apoyo de la gobernadora Kathy Hochul y la Asamblea Legislativa del Estado de Nueva York. Para m\u00e1s informaci\u00f3n, llame al 518-352-7311 o visite <a href=\"http:\/\/www.theADKX.org\">www.theADKX.org<\/a>.<\/p>\n\n\n\n<p><\/p>\n\n\n\n<div class=\"wp-block-columns is-layout-flex wp-container-core-columns-is-layout-9d6595d7 wp-block-columns-is-layout-flex\">\n<div class=\"wp-block-column is-layout-flow wp-block-column-is-layout-flow\">\n<p><strong>Contacto con los medios de comunicaci\u00f3n:<\/strong><\/p>\n\n\n\n<div class=\"wp-block-group is-vertical is-layout-flex wp-container-core-group-is-layout-8cf370e7 wp-block-group-is-layout-flex\">\n<p>Amanda Metzger | Behan Communications Amanda.metzger@behancom.com (518) 769-3146<\/p>\n<\/div>\n<\/div>\n\n\n\n<div class=\"wp-block-column is-layout-flow wp-block-column-is-layout-flow\">\n<p><strong>Adirondack <\/strong><strong>Experiencia Contacto:<\/strong><\/p>\n\n\n\n<p>Tara Murphy | Directora de Marketing y Comunicaciones tmurphy@theadkx.org | (518) 352-7311 ext. 182<\/p>\n\n\n\n<div class=\"wp-block-group is-vertical is-layout-flex wp-container-core-group-is-layout-8cf370e7 wp-block-group-is-layout-flex\">\n<p><\/p>\n<\/div>\n<\/div>\n<\/div>\n\n\n\n<details class=\"wp-block-details is-layout-flow wp-block-details-is-layout-flow\"><summary>Descargue aqu\u00ed el comunicado completo<\/summary>\n<div data-wp-interactive=\"core\/file\" class=\"wp-block-file\"><object data-wp-bind--hidden=\"!state.hasPdfPreview\" hidden class=\"wp-block-file__embed\" data=\"https:\/\/www.theadkx.org\/wp-content\/uploads\/2026\/03\/ADKX-Press-Release_GALA_HKH-AWARD_2026.pdf\" type=\"application\/pdf\" style=\"width:100%;height:600px\" aria-label=\"Incrustado de ADKX Press Release_GALA_HKH AWARD_2026.\"><\/object><a id=\"wp-block-file--media-d4fc81e4-7626-4df3-8172-deb8372ab857\" href=\"https:\/\/www.theadkx.org\/wp-content\/uploads\/2026\/03\/ADKX-Press-Release_GALA_HKH-AWARD_2026.pdf\">ADKX Comunicado de prensa_GALA_PREMIO HKH_2026<\/a><a href=\"https:\/\/www.theadkx.org\/wp-content\/uploads\/2026\/03\/ADKX-Press-Release_GALA_HKH-AWARD_2026.pdf\" class=\"wp-block-file__button wp-element-button\" download aria-describedby=\"wp-block-file--media-d4fc81e4-7626-4df3-8172-deb8372ab857\">Descargar<\/a><\/div>\n<\/details>\n\n\n\n<p><\/p>","protected":false},"excerpt":{"rendered":"<p>March 19, 2026 Blue Mountain Lake, NY \u2014 The Adirondack Experience, The Museum on Blue Mountain Lake (ADKX) will be celebrating their annual Benefit Gala &amp; Harold K. Hochschild Award [&hellip;]<\/p>\n","protected":false},"author":11,"featured_media":18571,"comment_status":"closed","ping_status":"closed","sticky":false,"template":"","format":"standard","meta":{"_acf_changed":false,"om_disable_all_campaigns":false,"footnotes":""},"categories":[14],"tags":[],"class_list":["post-18568","post","type-post","status-publish","format-standard","has-post-thumbnail","hentry","category-press-room"],"acf":[],"yoast_head":"<!-- This site is optimized with the Yoast SEO Premium plugin v22.8 (Yoast SEO v27.5) - https:\/\/yoast.com\/product\/yoast-seo-premium-wordpress\/ -->\n<title>ADKX Announces the 2026 Harold K. Hochschild Award Recipients Dick Beamish and the Adirondack Explorer Magazine | Adirondack Experience<\/title>\n<meta name=\"robots\" content=\"index, follow, max-snippet:-1, max-image-preview:large, max-video-preview:-1\" \/>\n<link rel=\"canonical\" href=\"https:\/\/www.theadkx.org\/es\/adkx-anuncia-los-galardonados-con-el-premio-harold-k-hochschild-2026-dick-beamish-y-la-revista-adirondack-explorer\/\" \/>\n<meta property=\"og:locale\" content=\"es_ES\" \/>\n<meta property=\"og:type\" content=\"article\" \/>\n<meta property=\"og:title\" content=\"ADKX Announces the 2026 Harold K. Hochschild Award Recipients Dick Beamish and the Adirondack Explorer Magazine\" \/>\n<meta property=\"og:description\" content=\"March 19, 2026 Blue Mountain Lake, NY \u2014 The Adirondack Experience, The Museum on Blue Mountain Lake (ADKX) will be celebrating their annual Benefit\" \/>\n<meta property=\"og:url\" content=\"https:\/\/www.theadkx.org\/es\/adkx-anuncia-los-galardonados-con-el-premio-harold-k-hochschild-2026-dick-beamish-y-la-revista-adirondack-explorer\/\" \/>\n<meta property=\"og:site_name\" content=\"Adirondack Experience\" \/>\n<meta property=\"article:publisher\" content=\"https:\/\/www.facebook.com\/theADKX\/\" \/>\n<meta property=\"article:published_time\" content=\"2026-03-19T15:07:13+00:00\" \/>\n<meta property=\"article:modified_time\" content=\"2026-03-19T15:07:18+00:00\" \/>\n<meta property=\"og:image\" content=\"https:\/\/www.theadkx.org\/wp-content\/uploads\/2026\/03\/GALA-RELEASE-WEB-HEADER.png\" \/>\n\t<meta property=\"og:image:width\" content=\"1500\" \/>\n\t<meta property=\"og:image:height\" content=\"646\" \/>\n\t<meta property=\"og:image:type\" content=\"image\/png\" \/>\n<meta name=\"author\" content=\"Joe Dolan\" \/>\n<meta name=\"twitter:card\" content=\"summary_large_image\" \/>\n<meta name=\"twitter:creator\" content=\"@theadkx\" \/>\n<meta name=\"twitter:site\" content=\"@theadkx\" \/>\n<meta name=\"twitter:label1\" content=\"Escrito por\" \/>\n\t<meta name=\"twitter:data1\" content=\"Joe Dolan\" \/>\n\t<meta name=\"twitter:label2\" content=\"Tiempo de lectura\" \/>\n\t<meta name=\"twitter:data2\" content=\"3 minutos\" \/>\n<script type=\"application\/ld+json\" class=\"yoast-schema-graph\">{\"@context\":\"https:\\\/\\\/schema.org\",\"@graph\":[{\"@type\":\"Article\",\"@id\":\"https:\\\/\\\/www.theadkx.org\\\/adkx-announces-the-2026-harold-k-hochschild-award-recipients-dick-beamish-and-the-adirondack-explorer-magazine\\\/#article\",\"isPartOf\":{\"@id\":\"https:\\\/\\\/www.theadkx.org\\\/adkx-announces-the-2026-harold-k-hochschild-award-recipients-dick-beamish-and-the-adirondack-explorer-magazine\\\/\"},\"author\":{\"name\":\"Joe Dolan\",\"@id\":\"https:\\\/\\\/www.theadkx.org\\\/#\\\/schema\\\/person\\\/57ece69aee53d2cc4ccd2b34e79256f4\"},\"headline\":\"ADKX Announces the 2026 Harold K. Hochschild Award Recipients Dick Beamish and the Adirondack Explorer Magazine\",\"datePublished\":\"2026-03-19T15:07:13+00:00\",\"dateModified\":\"2026-03-19T15:07:18+00:00\",\"mainEntityOfPage\":{\"@id\":\"https:\\\/\\\/www.theadkx.org\\\/adkx-announces-the-2026-harold-k-hochschild-award-recipients-dick-beamish-and-the-adirondack-explorer-magazine\\\/\"},\"wordCount\":693,\"publisher\":{\"@id\":\"https:\\\/\\\/www.theadkx.org\\\/#organization\"},\"image\":{\"@id\":\"https:\\\/\\\/www.theadkx.org\\\/adkx-announces-the-2026-harold-k-hochschild-award-recipients-dick-beamish-and-the-adirondack-explorer-magazine\\\/#primaryimage\"},\"thumbnailUrl\":\"https:\\\/\\\/www.theadkx.org\\\/wp-content\\\/uploads\\\/2026\\\/03\\\/GALA-RELEASE-WEB-HEADER.png\",\"articleSection\":[\"Press Room\"],\"inLanguage\":\"es\"},{\"@type\":\"WebPage\",\"@id\":\"https:\\\/\\\/www.theadkx.org\\\/adkx-announces-the-2026-harold-k-hochschild-award-recipients-dick-beamish-and-the-adirondack-explorer-magazine\\\/\",\"url\":\"https:\\\/\\\/www.theadkx.org\\\/adkx-announces-the-2026-harold-k-hochschild-award-recipients-dick-beamish-and-the-adirondack-explorer-magazine\\\/\",\"name\":\"ADKX Announces the 2026 Harold K. Hochschild Award Recipients Dick Beamish and the Adirondack Explorer Magazine | Adirondack Experience\",\"isPartOf\":{\"@id\":\"https:\\\/\\\/www.theadkx.org\\\/#website\"},\"primaryImageOfPage\":{\"@id\":\"https:\\\/\\\/www.theadkx.org\\\/adkx-announces-the-2026-harold-k-hochschild-award-recipients-dick-beamish-and-the-adirondack-explorer-magazine\\\/#primaryimage\"},\"image\":{\"@id\":\"https:\\\/\\\/www.theadkx.org\\\/adkx-announces-the-2026-harold-k-hochschild-award-recipients-dick-beamish-and-the-adirondack-explorer-magazine\\\/#primaryimage\"},\"thumbnailUrl\":\"https:\\\/\\\/www.theadkx.org\\\/wp-content\\\/uploads\\\/2026\\\/03\\\/GALA-RELEASE-WEB-HEADER.png\",\"datePublished\":\"2026-03-19T15:07:13+00:00\",\"dateModified\":\"2026-03-19T15:07:18+00:00\",\"breadcrumb\":{\"@id\":\"https:\\\/\\\/www.theadkx.org\\\/adkx-announces-the-2026-harold-k-hochschild-award-recipients-dick-beamish-and-the-adirondack-explorer-magazine\\\/#breadcrumb\"},\"inLanguage\":\"es\",\"potentialAction\":[{\"@type\":\"ReadAction\",\"target\":[\"https:\\\/\\\/www.theadkx.org\\\/adkx-announces-the-2026-harold-k-hochschild-award-recipients-dick-beamish-and-the-adirondack-explorer-magazine\\\/\"]}]},{\"@type\":\"ImageObject\",\"inLanguage\":\"es\",\"@id\":\"https:\\\/\\\/www.theadkx.org\\\/adkx-announces-the-2026-harold-k-hochschild-award-recipients-dick-beamish-and-the-adirondack-explorer-magazine\\\/#primaryimage\",\"url\":\"https:\\\/\\\/www.theadkx.org\\\/wp-content\\\/uploads\\\/2026\\\/03\\\/GALA-RELEASE-WEB-HEADER.png\",\"contentUrl\":\"https:\\\/\\\/www.theadkx.org\\\/wp-content\\\/uploads\\\/2026\\\/03\\\/GALA-RELEASE-WEB-HEADER.png\",\"width\":1500,\"height\":646},{\"@type\":\"BreadcrumbList\",\"@id\":\"https:\\\/\\\/www.theadkx.org\\\/adkx-announces-the-2026-harold-k-hochschild-award-recipients-dick-beamish-and-the-adirondack-explorer-magazine\\\/#breadcrumb\",\"itemListElement\":[{\"@type\":\"ListItem\",\"position\":1,\"name\":\"Home\",\"item\":\"https:\\\/\\\/www.theadkx.org\\\/homepage\\\/\"},{\"@type\":\"ListItem\",\"position\":2,\"name\":\"ADKX Announces the 2026 Harold K. Hochschild Award Recipients Dick Beamish and the Adirondack Explorer Magazine\"}]},{\"@type\":\"WebSite\",\"@id\":\"https:\\\/\\\/www.theadkx.org\\\/#website\",\"url\":\"https:\\\/\\\/www.theadkx.org\\\/\",\"name\":\"Adirondack Experience\",\"description\":\"The Museum on Blue Mountain Lake\",\"publisher\":{\"@id\":\"https:\\\/\\\/www.theadkx.org\\\/#organization\"},\"potentialAction\":[{\"@type\":\"SearchAction\",\"target\":{\"@type\":\"EntryPoint\",\"urlTemplate\":\"https:\\\/\\\/www.theadkx.org\\\/?s={search_term_string}\"},\"query-input\":{\"@type\":\"PropertyValueSpecification\",\"valueRequired\":true,\"valueName\":\"search_term_string\"}}],\"inLanguage\":\"es\"},{\"@type\":\"Organization\",\"@id\":\"https:\\\/\\\/www.theadkx.org\\\/#organization\",\"name\":\"Adirondack Experience, The Museum on Blue Mountain Lake\",\"url\":\"https:\\\/\\\/www.theadkx.org\\\/\",\"logo\":{\"@type\":\"ImageObject\",\"inLanguage\":\"es\",\"@id\":\"https:\\\/\\\/www.theadkx.org\\\/#\\\/schema\\\/logo\\\/image\\\/\",\"url\":\"https:\\\/\\\/www.theadkx.org\\\/wp-content\\\/uploads\\\/2021\\\/03\\\/ADKX_LOGO.png\",\"contentUrl\":\"https:\\\/\\\/www.theadkx.org\\\/wp-content\\\/uploads\\\/2021\\\/03\\\/ADKX_LOGO.png\",\"width\":440,\"height\":276,\"caption\":\"Adirondack Experience, The Museum on Blue Mountain Lake\"},\"image\":{\"@id\":\"https:\\\/\\\/www.theadkx.org\\\/#\\\/schema\\\/logo\\\/image\\\/\"},\"sameAs\":[\"https:\\\/\\\/www.facebook.com\\\/theADKX\\\/\",\"https:\\\/\\\/x.com\\\/theadkx\",\"https:\\\/\\\/www.instagram.com\\\/theadkx\\\/\",\"https:\\\/\\\/www.youtube.com\\\/user\\\/AdirondackMuseum\"]},{\"@type\":\"Person\",\"@id\":\"https:\\\/\\\/www.theadkx.org\\\/#\\\/schema\\\/person\\\/57ece69aee53d2cc4ccd2b34e79256f4\",\"name\":\"Joe Dolan\",\"image\":{\"@type\":\"ImageObject\",\"inLanguage\":\"es\",\"@id\":\"https:\\\/\\\/secure.gravatar.com\\\/avatar\\\/23846da25bfb5135b3880ceb8372db2eda4a9a1873d0d07e7a1bdea4d5562c5f?s=96&d=mm&r=g\",\"url\":\"https:\\\/\\\/secure.gravatar.com\\\/avatar\\\/23846da25bfb5135b3880ceb8372db2eda4a9a1873d0d07e7a1bdea4d5562c5f?s=96&d=mm&r=g\",\"contentUrl\":\"https:\\\/\\\/secure.gravatar.com\\\/avatar\\\/23846da25bfb5135b3880ceb8372db2eda4a9a1873d0d07e7a1bdea4d5562c5f?s=96&d=mm&r=g\",\"caption\":\"Joe Dolan\"},\"sameAs\":[\"https:\\\/\\\/www.theadkx.org\\\/\"]}]}<\/script>\n<!-- \/ Yoast SEO Premium plugin. -->","yoast_head_json":{"title":"ADKX anuncia los galardonados con el Premio Harold K. Hochschild 2026 Dick Beamish y la revista Adirondack Explorer | Adirondack Experience","robots":{"index":"index","follow":"follow","max-snippet":"max-snippet:-1","max-image-preview":"max-image-preview:large","max-video-preview":"max-video-preview:-1"},"canonical":"https:\/\/www.theadkx.org\/es\/adkx-anuncia-los-galardonados-con-el-premio-harold-k-hochschild-2026-dick-beamish-y-la-revista-adirondack-explorer\/","og_locale":"es_ES","og_type":"article","og_title":"ADKX Announces the 2026 Harold K. Hochschild Award Recipients Dick Beamish and the Adirondack Explorer Magazine","og_description":"March 19, 2026 Blue Mountain Lake, NY \u2014 The Adirondack Experience, The Museum on Blue Mountain Lake (ADKX) will be celebrating their annual Benefit","og_url":"https:\/\/www.theadkx.org\/es\/adkx-anuncia-los-galardonados-con-el-premio-harold-k-hochschild-2026-dick-beamish-y-la-revista-adirondack-explorer\/","og_site_name":"Adirondack Experience","article_publisher":"https:\/\/www.facebook.com\/theADKX\/","article_published_time":"2026-03-19T15:07:13+00:00","article_modified_time":"2026-03-19T15:07:18+00:00","og_image":[{"width":1500,"height":646,"url":"https:\/\/www.theadkx.org\/wp-content\/uploads\/2026\/03\/GALA-RELEASE-WEB-HEADER.png","type":"image\/png"}],"author":"Joe Dolan","twitter_card":"summary_large_image","twitter_creator":"@theadkx","twitter_site":"@theadkx","twitter_misc":{"Escrito por":"Joe Dolan","Tiempo de lectura":"3 minutos"},"schema":{"@context":"https:\/\/schema.org","@graph":[{"@type":"Article","@id":"https:\/\/www.theadkx.org\/adkx-announces-the-2026-harold-k-hochschild-award-recipients-dick-beamish-and-the-adirondack-explorer-magazine\/#article","isPartOf":{"@id":"https:\/\/www.theadkx.org\/adkx-announces-the-2026-harold-k-hochschild-award-recipients-dick-beamish-and-the-adirondack-explorer-magazine\/"},"author":{"name":"Joe Dolan","@id":"https:\/\/www.theadkx.org\/#\/schema\/person\/57ece69aee53d2cc4ccd2b34e79256f4"},"headline":"ADKX Announces the 2026 Harold K. Hochschild Award Recipients Dick Beamish and the Adirondack Explorer Magazine","datePublished":"2026-03-19T15:07:13+00:00","dateModified":"2026-03-19T15:07:18+00:00","mainEntityOfPage":{"@id":"https:\/\/www.theadkx.org\/adkx-announces-the-2026-harold-k-hochschild-award-recipients-dick-beamish-and-the-adirondack-explorer-magazine\/"},"wordCount":693,"publisher":{"@id":"https:\/\/www.theadkx.org\/#organization"},"image":{"@id":"https:\/\/www.theadkx.org\/adkx-announces-the-2026-harold-k-hochschild-award-recipients-dick-beamish-and-the-adirondack-explorer-magazine\/#primaryimage"},"thumbnailUrl":"https:\/\/www.theadkx.org\/wp-content\/uploads\/2026\/03\/GALA-RELEASE-WEB-HEADER.png","articleSection":["Press Room"],"inLanguage":"es"},{"@type":"WebPage","@id":"https:\/\/www.theadkx.org\/adkx-announces-the-2026-harold-k-hochschild-award-recipients-dick-beamish-and-the-adirondack-explorer-magazine\/","url":"https:\/\/www.theadkx.org\/adkx-announces-the-2026-harold-k-hochschild-award-recipients-dick-beamish-and-the-adirondack-explorer-magazine\/","name":"ADKX anuncia los galardonados con el Premio Harold K. Hochschild 2026 Dick Beamish y la revista Adirondack Explorer | Adirondack Experience","isPartOf":{"@id":"https:\/\/www.theadkx.org\/#website"},"primaryImageOfPage":{"@id":"https:\/\/www.theadkx.org\/adkx-announces-the-2026-harold-k-hochschild-award-recipients-dick-beamish-and-the-adirondack-explorer-magazine\/#primaryimage"},"image":{"@id":"https:\/\/www.theadkx.org\/adkx-announces-the-2026-harold-k-hochschild-award-recipients-dick-beamish-and-the-adirondack-explorer-magazine\/#primaryimage"},"thumbnailUrl":"https:\/\/www.theadkx.org\/wp-content\/uploads\/2026\/03\/GALA-RELEASE-WEB-HEADER.png","datePublished":"2026-03-19T15:07:13+00:00","dateModified":"2026-03-19T15:07:18+00:00","breadcrumb":{"@id":"https:\/\/www.theadkx.org\/adkx-announces-the-2026-harold-k-hochschild-award-recipients-dick-beamish-and-the-adirondack-explorer-magazine\/#breadcrumb"},"inLanguage":"es","potentialAction":[{"@type":"ReadAction","target":["https:\/\/www.theadkx.org\/adkx-announces-the-2026-harold-k-hochschild-award-recipients-dick-beamish-and-the-adirondack-explorer-magazine\/"]}]},{"@type":"ImageObject","inLanguage":"es","@id":"https:\/\/www.theadkx.org\/adkx-announces-the-2026-harold-k-hochschild-award-recipients-dick-beamish-and-the-adirondack-explorer-magazine\/#primaryimage","url":"https:\/\/www.theadkx.org\/wp-content\/uploads\/2026\/03\/GALA-RELEASE-WEB-HEADER.png","contentUrl":"https:\/\/www.theadkx.org\/wp-content\/uploads\/2026\/03\/GALA-RELEASE-WEB-HEADER.png","width":1500,"height":646},{"@type":"BreadcrumbList","@id":"https:\/\/www.theadkx.org\/adkx-announces-the-2026-harold-k-hochschild-award-recipients-dick-beamish-and-the-adirondack-explorer-magazine\/#breadcrumb","itemListElement":[{"@type":"ListItem","position":1,"name":"Home","item":"https:\/\/www.theadkx.org\/homepage\/"},{"@type":"ListItem","position":2,"name":"ADKX Announces the 2026 Harold K. Hochschild Award Recipients Dick Beamish and the Adirondack Explorer Magazine"}]},{"@type":"WebSite","@id":"https:\/\/www.theadkx.org\/#website","url":"https:\/\/www.theadkx.org\/","name":"Experiencia Adirondack","description":"El Museo del Lago de la Monta\u00f1a Azul","publisher":{"@id":"https:\/\/www.theadkx.org\/#organization"},"potentialAction":[{"@type":"SearchAction","target":{"@type":"EntryPoint","urlTemplate":"https:\/\/www.theadkx.org\/?s={search_term_string}"},"query-input":{"@type":"PropertyValueSpecification","valueRequired":true,"valueName":"search_term_string"}}],"inLanguage":"es"},{"@type":"Organization","@id":"https:\/\/www.theadkx.org\/#organization","name":"Experiencia Adirondack, El Museo del Lago Blue Mountain","url":"https:\/\/www.theadkx.org\/","logo":{"@type":"ImageObject","inLanguage":"es","@id":"https:\/\/www.theadkx.org\/#\/schema\/logo\/image\/","url":"https:\/\/www.theadkx.org\/wp-content\/uploads\/2021\/03\/ADKX_LOGO.png","contentUrl":"https:\/\/www.theadkx.org\/wp-content\/uploads\/2021\/03\/ADKX_LOGO.png","width":440,"height":276,"caption":"Adirondack Experience, The Museum on Blue Mountain Lake"},"image":{"@id":"https:\/\/www.theadkx.org\/#\/schema\/logo\/image\/"},"sameAs":["https:\/\/www.facebook.com\/theADKX\/","https:\/\/x.com\/theadkx","https:\/\/www.instagram.com\/theadkx\/","https:\/\/www.youtube.com\/user\/AdirondackMuseum"]},{"@type":"Person","@id":"https:\/\/www.theadkx.org\/#\/schema\/person\/57ece69aee53d2cc4ccd2b34e79256f4","name":"Joe Dolan","image":{"@type":"ImageObject","inLanguage":"es","@id":"https:\/\/secure.gravatar.com\/avatar\/23846da25bfb5135b3880ceb8372db2eda4a9a1873d0d07e7a1bdea4d5562c5f?s=96&d=mm&r=g","url":"https:\/\/secure.gravatar.com\/avatar\/23846da25bfb5135b3880ceb8372db2eda4a9a1873d0d07e7a1bdea4d5562c5f?s=96&d=mm&r=g","contentUrl":"https:\/\/secure.gravatar.com\/avatar\/23846da25bfb5135b3880ceb8372db2eda4a9a1873d0d07e7a1bdea4d5562c5f?s=96&d=mm&r=g","caption":"Joe Dolan"},"sameAs":["https:\/\/www.theadkx.org\/"]}]}},"_links":{"self":[{"href":"https:\/\/www.theadkx.org\/es\/wp-json\/wp\/v2\/posts\/18568","targetHints":{"allow":["GET"]}}],"collection":[{"href":"https:\/\/www.theadkx.org\/es\/wp-json\/wp\/v2\/posts"}],"about":[{"href":"https:\/\/www.theadkx.org\/es\/wp-json\/wp\/v2\/types\/post"}],"author":[{"embeddable":true,"href":"https:\/\/www.theadkx.org\/es\/wp-json\/wp\/v2\/users\/11"}],"replies":[{"embeddable":true,"href":"https:\/\/www.theadkx.org\/es\/wp-json\/wp\/v2\/comments?post=18568"}],"version-history":[{"count":3,"href":"https:\/\/www.theadkx.org\/es\/wp-json\/wp\/v2\/posts\/18568\/revisions"}],"predecessor-version":[{"id":18574,"href":"https:\/\/www.theadkx.org\/es\/wp-json\/wp\/v2\/posts\/18568\/revisions\/18574"}],"wp:featuredmedia":[{"embeddable":true,"href":"https:\/\/www.theadkx.org\/es\/wp-json\/wp\/v2\/media\/18571"}],"wp:attachment":[{"href":"https:\/\/www.theadkx.org\/es\/wp-json\/wp\/v2\/media?parent=18568"}],"wp:term":[{"taxonomy":"category","embeddable":true,"href":"https:\/\/www.theadkx.org\/es\/wp-json\/wp\/v2\/categories?post=18568"},{"taxonomy":"post_tag","embeddable":true,"href":"https:\/\/www.theadkx.org\/es\/wp-json\/wp\/v2\/tags?post=18568"}],"curies":[{"name":"wp","href":"https:\/\/api.w.org\/{rel}","templated":true}]}}