{"id":9400,"date":"2022-04-26T09:00:00","date_gmt":"2022-04-26T13:00:00","guid":{"rendered":"http:\/\/www.theadkx.org\/?p=9400"},"modified":"2022-05-27T14:39:53","modified_gmt":"2022-05-27T18:39:53","slug":"new-eight-part-virtual-program-seriesexploring-racial-and-environmental-justice-to-kick-off-on-may-31","status":"publish","type":"post","link":"https:\/\/www.theadkx.org\/es\/new-eight-part-virtual-program-seriesexploring-racial-and-environmental-justice-to-kick-off-on-may-31\/","title":{"rendered":"El 31 de mayo comienza una nueva serie de ocho programas virtuales sobre justicia racial y medioambiental"},"content":{"rendered":"<p><strong>Organizada por Adirondack Experience, la serie presentar\u00e1 una amplia gama de voces que exploran la historia y las experiencias contempor\u00e1neas de diversas comunidades de los Adirondacks.<\/strong><\/p>\n\n\n\n<p><strong>Nueva York, NY-26 de abril de 2022<\/strong>-The Adirondack Experience (ADKX) ha anunciado hoy que presentar\u00e1 una serie de programas virtuales de ocho partes centrados en examinar las intersecciones entre la justicia racial y medioambiental. Bajo el t\u00edtulo Adirondacks for All: Identity &amp; Environmental Justice in the North Country (Adirondacks para todos: identidad y justicia medioambiental en el norte del pa\u00eds), la serie explorar\u00e1 las experiencias de desigualdad y opresi\u00f3n en los Adirondacks y las formas en que estas realidades conectan con cuestiones de conservaci\u00f3n, contaminaci\u00f3n y acceso a la tierra, el agua y la naturaleza en general. Adirondacks para todos se est\u00e1 desarrollando en colaboraci\u00f3n con varias organizaciones locales, entre ellas Adirondack Diversity Initiative, The Wild Center y The Nature Conservancy in the Adirondacks, y cuenta con el apoyo parcial de una subvenci\u00f3n $50.000 del Instituto de Servicios de Museos y Bibliotecas. Para supervisar el desarrollo del programa, ADKX tambi\u00e9n ha contratado a Erik Reardon, profesor y acad\u00e9mico cuyo trabajo se ha centrado especialmente en la historia medioambiental y las historias de los nativos americanos.<br><br>El ciclo se iniciar\u00e1 el 31 de mayo, a las 19.00 horas, con una conversaci\u00f3n entre Curt Stager, cient\u00edfico, educador y autor cuyas investigaciones versan sobre el cambio clim\u00e1tico y las historias ecol\u00f3gicas de lagos y paisajes; Dave Fadden (Akwesasne Mohawk), artista, narrador y escritor de Onchiota; y Tim Messner, profesor de arqueolog\u00eda en SUNY Potsdam. Bajo el t\u00edtulo Deep History and Belonging in the Adirondacks (Historia profunda y pertenencia a los Adirondacks), la charla explorar\u00e1 la historia humana de los Adirondacks y analizar\u00e1 las formas en que los recientes descubrimientos arqueol\u00f3gicos han ampliado los l\u00edmites del conocimiento cient\u00edfico e hist\u00f3rico y han contribuido a dar forma a debates m\u00e1s amplios sobre la pertenencia, la propiedad, la administraci\u00f3n y el propio concepto de espacio natural. A continuaci\u00f3n, el 14 de junio, Aaron Mair, experto en espacios naturales desde hace 30 a\u00f1os, pionero de la justicia medioambiental y asesor de la Comisi\u00f3n de Calidad Medioambiental de la Casa Blanca durante los gobiernos de Clinton y Obama. Este programa se centrar\u00e1 en la historia del movimiento por los asentamientos del sufragio negro y su relaci\u00f3n con los esfuerzos de conservaci\u00f3n en curso en el valle del Hudson. <br><br>En las pr\u00f3ximas semanas se anunciar\u00e1 el programa completo de la serie, con informaci\u00f3n adicional y actualizaciones disponibles en la p\u00e1gina de eventos del sitio web de la ADKX en www.adkx.org. Los actos son gratuitos pero requieren inscripci\u00f3n previa en l\u00ednea. Una vez registrados, los visitantes recibir\u00e1n toda la informaci\u00f3n necesaria para acceder a los programas virtuales.<br><br>Los Adirondacks, creados en 1892, se consideran desde hace tiempo uno de los logros m\u00e1s importantes del pa\u00eds en materia de conservaci\u00f3n. La extensa red de bosques, aguas y altas cumbres del parque, un mosaico \u00fanico de aldeas residenciales y reservas forestales, ha inspirado a generaciones de residentes y visitantes en busca de su propia experiencia \u201cForever Wild\u201d. Sin embargo, bajo la superficie y dentro de la l\u00ednea azul del parque, el legado de la desposesi\u00f3n, el racismo sist\u00e9mico y la desigualdad contribuyen a la desafortunada sensaci\u00f3n de que los Adirondacks pertenecen a unos, pero no a otros. Al mismo tiempo, los retos del cambio clim\u00e1tico y la destrucci\u00f3n del medio ambiente han aumentado la urgencia de mantener y mejorar los compromisos hist\u00f3ricos de la regi\u00f3n con la conservaci\u00f3n y la preservaci\u00f3n. Estas realidades convergentes han hecho que sea esencial enfrentarse a los sistemas y estructuras que han impedido que los Adirondacks est\u00e9n a la altura del ideal democr\u00e1tico sobre el que se establecieron: para \u201cel libre uso de todo el pueblo para su salud y placer.\u201d<br><br>Adirondacks para todos es el n\u00facleo de la visi\u00f3n de ADKX para reexaminar y ampliar las narrativas que han dado forma a la comprensi\u00f3n com\u00fan de los Adirondacks y arrojar nueva luz sobre las experiencias de las diversas comunidades de la regi\u00f3n. Asimismo, la serie considera y desaf\u00eda los l\u00edmites tradicionales de la justicia medioambiental estableciendo conexiones activas con los movimientos de justicia social y racial del pasado y del presente. Adirondacks para todos sienta una base importante para el trabajo continuo del museo de llamar la atenci\u00f3n sobre estas cuestiones, as\u00ed como para establecer asociaciones y oportunidades continuas de di\u00e1logo y b\u00fasqueda de soluciones con su comunidad. Sigue a la serie de programas virtuales de ADKX de 2020, The Black Experience in the Adirondacks (La experiencia negra en los Adirondacks), que puso de relieve el racismo sist\u00e9mico al que se enfrentan los negros en una regi\u00f3n donde los residentes y visitantes son abrumadoramente blancos. Estos programas pretenden fomentar el entendimiento mutuo y apoyar el desarrollo de nuevos enfoques y pol\u00edticas que fomenten la diversidad en el turismo y el desarrollo comunitario en los Adirondacks.<br><br>Como director del proyecto de la serie, Reardon ha trabajado con los responsables de ADKX y sus organizaciones asociadas, as\u00ed como con varios asesores del proyecto, para aplicar un amplio enfoque de justicia medioambiental a la historia y las realidades actuales de los Adirondacks. El grupo trabaja para armonizar los debates sobre diversidad, defensa, pol\u00edtica, conservaci\u00f3n e historia natural y humana con el fin de ofrecer un marco hol\u00edstico para el compromiso p\u00fablico. A lo largo de la serie, los ponentes explorar\u00e1n cuestiones cr\u00edticas como:<br>\u25cf \u00bfDe qui\u00e9n son las historias que se cuentan cuando celebramos el apego multigeneracional a la tierra y el agua de Adirondack?<br>\u25cf \u00bfQui\u00e9nes han sido hist\u00f3ricamente los beneficiarios de la conservaci\u00f3n y preservaci\u00f3n en la regi\u00f3n?<br>\u25cf \u00bfC\u00f3mo han encontrado sentido e inspiraci\u00f3n en los Adirondacks diversas comunidades, incluidas las de los pueblos ind\u00edgenas y las de negros y afroamericanos?<br>\u25cf \u00bfCu\u00e1les son los retos y las soluciones para aportar mayor diversidad y experiencia a los Adirondacks?<br><br><strong>Sobre Erik Reardon<\/strong><br>Erik Reardon es historiador del medio ambiente especializado en las relaciones ind\u00edgenas y euroamericanas con los r\u00edos y las dimensiones hist\u00f3ricas de la conservaci\u00f3n de la pesca y la eliminaci\u00f3n de presas. Se doctor\u00f3 en la Universidad de Maine y ha impartido clases como profesor asistente visitante en el Colby College y el Bates College. El pasado mes de julio se public\u00f3 su libro <em>Gesti\u00f3n del patrimonio fluvial: La pesca y la econom\u00eda rural de Nueva Inglaterra<\/em> fue publicado por la editorial de la Universidad de Massachusetts dentro de su serie, <em>Historia medioambiental del noreste<\/em>. Se incorpor\u00f3 a ADKX en marzo de 2022 como Director de Proyectos para dirigir el desarrollo de <em>Adirondacks for All: Identity &amp; Environmental Justice in the North Country.<\/em><br><br><strong>Acerca de los pr\u00f3ximos oradores<\/strong><br>Curt Stager es un cient\u00edfico, educador y autor cuyas investigaciones versan sobre el cambio clim\u00e1tico y las profundas historias ecol\u00f3gicas de lagos y paisajes de todo el mundo. Sus trabajos se han publicado en destacadas revistas t\u00e9cnicas como <em>Ciencia<\/em> as\u00ed como publicaciones peri\u00f3dicas como <em>National Geographic<\/em> y el <em>El New York Times<\/em>. Copresenta <em>Selecciones naturales<\/em>, un programa cient\u00edfico semanal de la radio p\u00fablica North Country. Stager es autor de cuatro libros, el m\u00e1s reciente, <em>Aguas tranquilas: El mundo secreto de los lagos<\/em>. Es profesor de Ciencias Naturales y titular de una c\u00e1tedra de investigaci\u00f3n en el Paul Smith's College, al norte del estado de Nueva York. En 2013, la Fundaci\u00f3n Carnegie-Case le nombr\u00f3 Profesor de Ciencias del A\u00f1o en el Estado de Nueva York.<br><br>Dave Fadden (akwesasne mohawk), artista, narrador y escritor de Onchiota. Sus temas abarcan desde ense\u00f1anzas tradicionales haudenosaunee hasta retratos \u00edntimos e inspirados de miembros de la comunidad. Recientemente, Fadden fue invitado a reimaginar una exposici\u00f3n sobre humedales vivos en The Wild Center (Tupper Lake, NY) desde la perspectiva haudenosaunee. Sus proyectos futuros incluyen una asociaci\u00f3n con el John Brown Farm Historic Site (Lake Placid, NY) y un proyecto con Akwesasne Tourism en el que actuar\u00e1 como asesor art\u00edstico y dise\u00f1ador principal de un proyecto comunitario al aire libre. Su obra puede verse en el Museo Indio de las Seis Naciones de Onchiota, un establecimiento familiar fundado en 1954 por sus abuelos. En la actualidad, sigue trabajando para acabar con los estereotipos y promover una comprensi\u00f3n exacta de la cultura mohawk y haudenosaunee.<br><br>Tim Messner es profesor asociado de Arqueolog\u00eda en la Universidad Estatal de Nueva York, en Potsdam. Se traslad\u00f3 al territorio kanienkehaka (mohawk) en 2012 y pronto se interes\u00f3 profundamente por la historia ind\u00edgena de las tierras altas del Adirondack. Ha pasado la \u00faltima d\u00e9cada explorando los Adirondacks con fines recreativos y acad\u00e9micos. Messner se doctor\u00f3 en la Universidad de Temple en 2008 y realiz\u00f3 su trabajo postdoctoral en el Smithsonian. Antes de incorporarse a SUNY Potsdam, fue profesor adjunto en la Universidad de Wisconsin-Stevens Point. Es padre, aspirante a artesano y productor de alimentos de bajo nivel.<br><br>Aaron Mair es experto en espacios naturales desde hace 30 a\u00f1os, pionero de la justicia medioambiental y asesor de la Comisi\u00f3n de Calidad Medioambiental de la Casa Blanca tanto en el gobierno de Clinton como en el de Obama. Mair fue el primer presidente afroamericano del Sierra Club y es conocido por su labor en favor de la justicia medioambiental.<br><br><strong>Acerca de la Experiencia Adirondack<\/strong><br>Adirondack Experience, The Museum on Blue Mountain Lake (ADKX), acreditado por la Alianza Americana de Museos, comparte la historia y la cultura de la regi\u00f3n de Adirondack a trav\u00e9s de exposiciones interactivas, actividades pr\u00e1cticas y colecciones culturalmente ricas en m\u00e1s de 20 edificios hist\u00f3ricos y contempor\u00e1neos en un campus de 121 acres en el coraz\u00f3n de los Adirondacks. En<br>El museo se financia en parte con donaciones del p\u00fablico en general, y parte de su funcionamiento general es posible gracias al Consejo de las Artes del Estado de Nueva York, con el apoyo de la gobernadora Kathy Hochul y la Legislatura del Estado de Nueva York. Para m\u00e1s informaci\u00f3n, llame al 518-352-7311 o visite www.theADKX.org.<br><br><strong>Acerca de la Iniciativa de Diversidad de Adirondack (ADI)<\/strong><br>La Iniciativa para la Diversidad de las Adirondack (ADI) existe en la intersecci\u00f3n de la justicia medioambiental y transformacional, trabajando para hacer de las Adirondack un lugar m\u00e1s acogedor e inclusivo tanto para los residentes como para los visitantes, garantizando al mismo tiempo un Parque de las Adirondack vital y sostenible para las futuras generaciones de negros, ind\u00edgenas y otras personas de color. Nuestro trabajo en Justicia, Equidad, Diversidad e Inclusi\u00f3n (JEDI) se centra en la creaci\u00f3n de comunidades, empresas y organizaciones culturalmente conscientes mediante la expansi\u00f3n de la conciencia cultural y cr\u00edtica en torno a cuestiones de racismo sist\u00e9mico y opresi\u00f3n estructural. Dotamos a las comunidades de las herramientas y estrategias necesarias para pasar a la acci\u00f3n, al tiempo que ampliamos el acceso a oportunidades \u00fanicas en Adirondack para grupos hist\u00f3ricamente marginados.<br><br><strong>Acerca de The Wild Center<\/strong><br>El Wild Center invita a los visitantes a explorar nuevas formas en que las personas y la naturaleza pueden prosperar en los Adirondacks. Situado en Tupper Lake (Nueva York), el Centro utiliza experiencias, exposiciones y programas de base cient\u00edfica para abrir nuevas v\u00edas a la relaci\u00f3n de las personas con la naturaleza y promover las mejores pr\u00e1cticas medioambientales. El Wild Center, de 54.000 pies cuadrados, cuenta con espacios al aire libre, animales vivos y su popular Wild Walk, un sendero elevado que atraviesa las copas de los \u00e1rboles de Adirondack. Actualmente, el Centro abre los viernes, s\u00e1bados y domingos de 10.00 a 17.00 horas. El Programa Juvenil sobre el Clima del Wild Center es una iniciativa mundial que convoca, compromete e inspira a los j\u00f3venes para que act\u00faen en sus escuelas y comunidades. El modelo de cumbre juvenil sobre el clima ha inspirado m\u00e1s de 100 cumbres en 9 pa\u00edses. Para m\u00e1s informaci\u00f3n, visite www.wildcenter.org<br><br><strong>The Nature Conservancy (Conservaci\u00f3n de la Naturaleza)<\/strong><br>The Nature Conservancy es una organizaci\u00f3n conservacionista mundial dedicada a conservar las tierras y las aguas de las que depende la vida. Guiados por la ciencia, creamos soluciones innovadoras sobre el terreno a los retos m\u00e1s dif\u00edciles de nuestro mundo para que la naturaleza y las personas puedan prosperar juntas. Nos enfrentamos al cambio clim\u00e1tico, conservamos tierras, aguas y oc\u00e9anos a una escala sin precedentes, proporcionamos alimentos y agua de forma sostenible y ayudamos a que las ciudades sean m\u00e1s sostenibles. Trabajamos en 76 pa\u00edses y territorios: 37 con impacto directo en la conservaci\u00f3n y 39 a trav\u00e9s de socios, utilizamos un enfoque colaborativo que involucra a las comunidades locales, los gobiernos, el sector privado y otros socios. Para m\u00e1s informaci\u00f3n, visite www.nature.org o siga @nature_press en Twitter.<\/p>\n\n\n\n<h1 class=\"wp-block-heading\"><\/h1>","protected":false},"excerpt":{"rendered":"<p>Hosted by the Adirondack Experience, Series to Feature Wide Range of Voices Exploring the History and Contemporary Experiences of Diverse Communities in the Adirondacks New York, NY\u2014April 26, 2022\u2014The Adirondack [&hellip;]<\/p>\n","protected":false},"author":4,"featured_media":0,"comment_status":"closed","ping_status":"closed","sticky":false,"template":"","format":"standard","meta":{"_acf_changed":false,"om_disable_all_campaigns":false,"footnotes":""},"categories":[14],"tags":[],"class_list":["post-9400","post","type-post","status-publish","format-standard","hentry","category-press-room"],"acf":[],"yoast_head":"<!-- This site is optimized with the Yoast SEO Premium plugin v22.8 (Yoast SEO v27.5) - https:\/\/yoast.com\/product\/yoast-seo-premium-wordpress\/ -->\n<title>New Eight-Part Virtual Program Series Exploring Racial and Environmental Justice to Kick-off on May 31 | Adirondack Experience<\/title>\n<meta name=\"robots\" content=\"index, follow, max-snippet:-1, max-image-preview:large, max-video-preview:-1\" \/>\n<link rel=\"canonical\" href=\"https:\/\/www.theadkx.org\/es\/new-eight-part-virtual-program-seriesexploring-racial-and-environmental-justice-to-kick-off-on-may-31\/\" \/>\n<meta property=\"og:locale\" content=\"es_ES\" \/>\n<meta property=\"og:type\" content=\"article\" \/>\n<meta property=\"og:title\" content=\"New Eight-Part Virtual Program Series Exploring Racial and Environmental Justice to Kick-off on May 31\" \/>\n<meta property=\"og:description\" content=\"Hosted by the Adirondack Experience, Series to Feature Wide Range of Voices Exploring the History and Contemporary Experiences of Diverse Communities in\" \/>\n<meta property=\"og:url\" content=\"https:\/\/www.theadkx.org\/es\/new-eight-part-virtual-program-seriesexploring-racial-and-environmental-justice-to-kick-off-on-may-31\/\" \/>\n<meta property=\"og:site_name\" content=\"Adirondack Experience\" \/>\n<meta property=\"article:publisher\" content=\"https:\/\/www.facebook.com\/theADKX\/\" \/>\n<meta property=\"article:published_time\" content=\"2022-04-26T13:00:00+00:00\" \/>\n<meta property=\"article:modified_time\" content=\"2022-05-27T18:39:53+00:00\" \/>\n<meta name=\"author\" content=\"Tara Murphy\" \/>\n<meta name=\"twitter:card\" content=\"summary_large_image\" \/>\n<meta name=\"twitter:creator\" content=\"@theadkx\" \/>\n<meta name=\"twitter:site\" content=\"@theadkx\" \/>\n<meta name=\"twitter:label1\" content=\"Escrito por\" \/>\n\t<meta name=\"twitter:data1\" content=\"Tara Murphy\" \/>\n\t<meta name=\"twitter:label2\" content=\"Tiempo de lectura\" \/>\n\t<meta name=\"twitter:data2\" content=\"8 minutos\" \/>\n<script type=\"application\/ld+json\" class=\"yoast-schema-graph\">{\"@context\":\"https:\\\/\\\/schema.org\",\"@graph\":[{\"@type\":\"Article\",\"@id\":\"https:\\\/\\\/www.theadkx.org\\\/new-eight-part-virtual-program-seriesexploring-racial-and-environmental-justice-to-kick-off-on-may-31\\\/#article\",\"isPartOf\":{\"@id\":\"https:\\\/\\\/www.theadkx.org\\\/new-eight-part-virtual-program-seriesexploring-racial-and-environmental-justice-to-kick-off-on-may-31\\\/\"},\"author\":{\"name\":\"Tara Murphy\",\"@id\":\"https:\\\/\\\/www.theadkx.org\\\/#\\\/schema\\\/person\\\/6e347d859fdb5257a5ebe22530b1c126\"},\"headline\":\"New Eight-Part Virtual Program Series Exploring Racial and Environmental Justice to Kick-off on May 31\",\"datePublished\":\"2022-04-26T13:00:00+00:00\",\"dateModified\":\"2022-05-27T18:39:53+00:00\",\"mainEntityOfPage\":{\"@id\":\"https:\\\/\\\/www.theadkx.org\\\/new-eight-part-virtual-program-seriesexploring-racial-and-environmental-justice-to-kick-off-on-may-31\\\/\"},\"wordCount\":1823,\"publisher\":{\"@id\":\"https:\\\/\\\/www.theadkx.org\\\/#organization\"},\"articleSection\":[\"Press Room\"],\"inLanguage\":\"es\"},{\"@type\":\"WebPage\",\"@id\":\"https:\\\/\\\/www.theadkx.org\\\/new-eight-part-virtual-program-seriesexploring-racial-and-environmental-justice-to-kick-off-on-may-31\\\/\",\"url\":\"https:\\\/\\\/www.theadkx.org\\\/new-eight-part-virtual-program-seriesexploring-racial-and-environmental-justice-to-kick-off-on-may-31\\\/\",\"name\":\"New Eight-Part Virtual Program Series Exploring Racial and Environmental Justice to Kick-off on May 31 | Adirondack Experience\",\"isPartOf\":{\"@id\":\"https:\\\/\\\/www.theadkx.org\\\/#website\"},\"datePublished\":\"2022-04-26T13:00:00+00:00\",\"dateModified\":\"2022-05-27T18:39:53+00:00\",\"breadcrumb\":{\"@id\":\"https:\\\/\\\/www.theadkx.org\\\/new-eight-part-virtual-program-seriesexploring-racial-and-environmental-justice-to-kick-off-on-may-31\\\/#breadcrumb\"},\"inLanguage\":\"es\",\"potentialAction\":[{\"@type\":\"ReadAction\",\"target\":[\"https:\\\/\\\/www.theadkx.org\\\/new-eight-part-virtual-program-seriesexploring-racial-and-environmental-justice-to-kick-off-on-may-31\\\/\"]}]},{\"@type\":\"BreadcrumbList\",\"@id\":\"https:\\\/\\\/www.theadkx.org\\\/new-eight-part-virtual-program-seriesexploring-racial-and-environmental-justice-to-kick-off-on-may-31\\\/#breadcrumb\",\"itemListElement\":[{\"@type\":\"ListItem\",\"position\":1,\"name\":\"Home\",\"item\":\"https:\\\/\\\/www.theadkx.org\\\/homepage\\\/\"},{\"@type\":\"ListItem\",\"position\":2,\"name\":\"New Eight-Part Virtual Program Series Exploring Racial and Environmental Justice to Kick-off on May 31\"}]},{\"@type\":\"WebSite\",\"@id\":\"https:\\\/\\\/www.theadkx.org\\\/#website\",\"url\":\"https:\\\/\\\/www.theadkx.org\\\/\",\"name\":\"Adirondack Experience\",\"description\":\"The Museum on Blue Mountain Lake\",\"publisher\":{\"@id\":\"https:\\\/\\\/www.theadkx.org\\\/#organization\"},\"potentialAction\":[{\"@type\":\"SearchAction\",\"target\":{\"@type\":\"EntryPoint\",\"urlTemplate\":\"https:\\\/\\\/www.theadkx.org\\\/?s={search_term_string}\"},\"query-input\":{\"@type\":\"PropertyValueSpecification\",\"valueRequired\":true,\"valueName\":\"search_term_string\"}}],\"inLanguage\":\"es\"},{\"@type\":\"Organization\",\"@id\":\"https:\\\/\\\/www.theadkx.org\\\/#organization\",\"name\":\"Adirondack Experience, The Museum on Blue Mountain Lake\",\"url\":\"https:\\\/\\\/www.theadkx.org\\\/\",\"logo\":{\"@type\":\"ImageObject\",\"inLanguage\":\"es\",\"@id\":\"https:\\\/\\\/www.theadkx.org\\\/#\\\/schema\\\/logo\\\/image\\\/\",\"url\":\"https:\\\/\\\/www.theadkx.org\\\/wp-content\\\/uploads\\\/2021\\\/03\\\/ADKX_LOGO.png\",\"contentUrl\":\"https:\\\/\\\/www.theadkx.org\\\/wp-content\\\/uploads\\\/2021\\\/03\\\/ADKX_LOGO.png\",\"width\":440,\"height\":276,\"caption\":\"Adirondack Experience, The Museum on Blue Mountain Lake\"},\"image\":{\"@id\":\"https:\\\/\\\/www.theadkx.org\\\/#\\\/schema\\\/logo\\\/image\\\/\"},\"sameAs\":[\"https:\\\/\\\/www.facebook.com\\\/theADKX\\\/\",\"https:\\\/\\\/x.com\\\/theadkx\",\"https:\\\/\\\/www.instagram.com\\\/theadkx\\\/\",\"https:\\\/\\\/www.youtube.com\\\/user\\\/AdirondackMuseum\"]},{\"@type\":\"Person\",\"@id\":\"https:\\\/\\\/www.theadkx.org\\\/#\\\/schema\\\/person\\\/6e347d859fdb5257a5ebe22530b1c126\",\"name\":\"Tara Murphy\",\"image\":{\"@type\":\"ImageObject\",\"inLanguage\":\"es\",\"@id\":\"https:\\\/\\\/secure.gravatar.com\\\/avatar\\\/868d6eab9f151763f6a39a70fceb97409b7b7f745f593694c0bc7e20c9505e9d?s=96&d=mm&r=g\",\"url\":\"https:\\\/\\\/secure.gravatar.com\\\/avatar\\\/868d6eab9f151763f6a39a70fceb97409b7b7f745f593694c0bc7e20c9505e9d?s=96&d=mm&r=g\",\"contentUrl\":\"https:\\\/\\\/secure.gravatar.com\\\/avatar\\\/868d6eab9f151763f6a39a70fceb97409b7b7f745f593694c0bc7e20c9505e9d?s=96&d=mm&r=g\",\"caption\":\"Tara Murphy\"}}]}<\/script>\n<!-- \/ Yoast SEO Premium plugin. -->","yoast_head_json":{"title":"New Eight-Part Virtual Program Series Exploring Racial and Environmental Justice to Kick-off on May 31 | Adirondack Experience","robots":{"index":"index","follow":"follow","max-snippet":"max-snippet:-1","max-image-preview":"max-image-preview:large","max-video-preview":"max-video-preview:-1"},"canonical":"https:\/\/www.theadkx.org\/es\/new-eight-part-virtual-program-seriesexploring-racial-and-environmental-justice-to-kick-off-on-may-31\/","og_locale":"es_ES","og_type":"article","og_title":"New Eight-Part Virtual Program Series Exploring Racial and Environmental Justice to Kick-off on May 31","og_description":"Hosted by the Adirondack Experience, Series to Feature Wide Range of Voices Exploring the History and Contemporary Experiences of Diverse Communities in","og_url":"https:\/\/www.theadkx.org\/es\/new-eight-part-virtual-program-seriesexploring-racial-and-environmental-justice-to-kick-off-on-may-31\/","og_site_name":"Adirondack Experience","article_publisher":"https:\/\/www.facebook.com\/theADKX\/","article_published_time":"2022-04-26T13:00:00+00:00","article_modified_time":"2022-05-27T18:39:53+00:00","author":"Tara Murphy","twitter_card":"summary_large_image","twitter_creator":"@theadkx","twitter_site":"@theadkx","twitter_misc":{"Escrito por":"Tara Murphy","Tiempo de lectura":"8 minutos"},"schema":{"@context":"https:\/\/schema.org","@graph":[{"@type":"Article","@id":"https:\/\/www.theadkx.org\/new-eight-part-virtual-program-seriesexploring-racial-and-environmental-justice-to-kick-off-on-may-31\/#article","isPartOf":{"@id":"https:\/\/www.theadkx.org\/new-eight-part-virtual-program-seriesexploring-racial-and-environmental-justice-to-kick-off-on-may-31\/"},"author":{"name":"Tara Murphy","@id":"https:\/\/www.theadkx.org\/#\/schema\/person\/6e347d859fdb5257a5ebe22530b1c126"},"headline":"New Eight-Part Virtual Program Series Exploring Racial and Environmental Justice to Kick-off on May 31","datePublished":"2022-04-26T13:00:00+00:00","dateModified":"2022-05-27T18:39:53+00:00","mainEntityOfPage":{"@id":"https:\/\/www.theadkx.org\/new-eight-part-virtual-program-seriesexploring-racial-and-environmental-justice-to-kick-off-on-may-31\/"},"wordCount":1823,"publisher":{"@id":"https:\/\/www.theadkx.org\/#organization"},"articleSection":["Press Room"],"inLanguage":"es"},{"@type":"WebPage","@id":"https:\/\/www.theadkx.org\/new-eight-part-virtual-program-seriesexploring-racial-and-environmental-justice-to-kick-off-on-may-31\/","url":"https:\/\/www.theadkx.org\/new-eight-part-virtual-program-seriesexploring-racial-and-environmental-justice-to-kick-off-on-may-31\/","name":"New Eight-Part Virtual Program Series Exploring Racial and Environmental Justice to Kick-off on May 31 | Adirondack Experience","isPartOf":{"@id":"https:\/\/www.theadkx.org\/#website"},"datePublished":"2022-04-26T13:00:00+00:00","dateModified":"2022-05-27T18:39:53+00:00","breadcrumb":{"@id":"https:\/\/www.theadkx.org\/new-eight-part-virtual-program-seriesexploring-racial-and-environmental-justice-to-kick-off-on-may-31\/#breadcrumb"},"inLanguage":"es","potentialAction":[{"@type":"ReadAction","target":["https:\/\/www.theadkx.org\/new-eight-part-virtual-program-seriesexploring-racial-and-environmental-justice-to-kick-off-on-may-31\/"]}]},{"@type":"BreadcrumbList","@id":"https:\/\/www.theadkx.org\/new-eight-part-virtual-program-seriesexploring-racial-and-environmental-justice-to-kick-off-on-may-31\/#breadcrumb","itemListElement":[{"@type":"ListItem","position":1,"name":"Home","item":"https:\/\/www.theadkx.org\/homepage\/"},{"@type":"ListItem","position":2,"name":"New Eight-Part Virtual Program Series Exploring Racial and Environmental Justice to Kick-off on May 31"}]},{"@type":"WebSite","@id":"https:\/\/www.theadkx.org\/#website","url":"https:\/\/www.theadkx.org\/","name":"Experiencia Adirondack","description":"El Museo del Lago de la Monta\u00f1a Azul","publisher":{"@id":"https:\/\/www.theadkx.org\/#organization"},"potentialAction":[{"@type":"SearchAction","target":{"@type":"EntryPoint","urlTemplate":"https:\/\/www.theadkx.org\/?s={search_term_string}"},"query-input":{"@type":"PropertyValueSpecification","valueRequired":true,"valueName":"search_term_string"}}],"inLanguage":"es"},{"@type":"Organization","@id":"https:\/\/www.theadkx.org\/#organization","name":"Experiencia Adirondack, El Museo del Lago Blue Mountain","url":"https:\/\/www.theadkx.org\/","logo":{"@type":"ImageObject","inLanguage":"es","@id":"https:\/\/www.theadkx.org\/#\/schema\/logo\/image\/","url":"https:\/\/www.theadkx.org\/wp-content\/uploads\/2021\/03\/ADKX_LOGO.png","contentUrl":"https:\/\/www.theadkx.org\/wp-content\/uploads\/2021\/03\/ADKX_LOGO.png","width":440,"height":276,"caption":"Adirondack Experience, The Museum on Blue Mountain Lake"},"image":{"@id":"https:\/\/www.theadkx.org\/#\/schema\/logo\/image\/"},"sameAs":["https:\/\/www.facebook.com\/theADKX\/","https:\/\/x.com\/theadkx","https:\/\/www.instagram.com\/theadkx\/","https:\/\/www.youtube.com\/user\/AdirondackMuseum"]},{"@type":"Person","@id":"https:\/\/www.theadkx.org\/#\/schema\/person\/6e347d859fdb5257a5ebe22530b1c126","name":"Tara Murphy","image":{"@type":"ImageObject","inLanguage":"es","@id":"https:\/\/secure.gravatar.com\/avatar\/868d6eab9f151763f6a39a70fceb97409b7b7f745f593694c0bc7e20c9505e9d?s=96&d=mm&r=g","url":"https:\/\/secure.gravatar.com\/avatar\/868d6eab9f151763f6a39a70fceb97409b7b7f745f593694c0bc7e20c9505e9d?s=96&d=mm&r=g","contentUrl":"https:\/\/secure.gravatar.com\/avatar\/868d6eab9f151763f6a39a70fceb97409b7b7f745f593694c0bc7e20c9505e9d?s=96&d=mm&r=g","caption":"Tara Murphy"}}]}},"_links":{"self":[{"href":"https:\/\/www.theadkx.org\/es\/wp-json\/wp\/v2\/posts\/9400","targetHints":{"allow":["GET"]}}],"collection":[{"href":"https:\/\/www.theadkx.org\/es\/wp-json\/wp\/v2\/posts"}],"about":[{"href":"https:\/\/www.theadkx.org\/es\/wp-json\/wp\/v2\/types\/post"}],"author":[{"embeddable":true,"href":"https:\/\/www.theadkx.org\/es\/wp-json\/wp\/v2\/users\/4"}],"replies":[{"embeddable":true,"href":"https:\/\/www.theadkx.org\/es\/wp-json\/wp\/v2\/comments?post=9400"}],"version-history":[{"count":2,"href":"https:\/\/www.theadkx.org\/es\/wp-json\/wp\/v2\/posts\/9400\/revisions"}],"predecessor-version":[{"id":9402,"href":"https:\/\/www.theadkx.org\/es\/wp-json\/wp\/v2\/posts\/9400\/revisions\/9402"}],"wp:attachment":[{"href":"https:\/\/www.theadkx.org\/es\/wp-json\/wp\/v2\/media?parent=9400"}],"wp:term":[{"taxonomy":"category","embeddable":true,"href":"https:\/\/www.theadkx.org\/es\/wp-json\/wp\/v2\/categories?post=9400"},{"taxonomy":"post_tag","embeddable":true,"href":"https:\/\/www.theadkx.org\/es\/wp-json\/wp\/v2\/tags?post=9400"}],"curies":[{"name":"wp","href":"https:\/\/api.w.org\/{rel}","templated":true}]}}