{"id":12161,"date":"2023-05-25T10:54:00","date_gmt":"2023-05-25T14:54:00","guid":{"rendered":"http:\/\/www.theadkx.org\/?p=12161"},"modified":"2023-06-15T10:59:45","modified_gmt":"2023-06-15T14:59:45","slug":"linspiration-des-artistes-dans-la-nature-sera-devoilee-a-ladirondack-experience","status":"publish","type":"post","link":"https:\/\/www.theadkx.org\/fr\/artists-inspiration-in-the-wild-to-be-unveiled-at-adirondack-experience\/","title":{"rendered":"<strong><em>Artistes et inspiration dans la nature<\/em> d\u00e9voil\u00e9 \u00e0 Adirondack Experience<\/strong>"},"content":{"rendered":"<p><em>La plus grande exposition permanente au monde consacr\u00e9e \u00e0 l'art des Adirondacks<\/em><\/p>\n\n\n\n<p><\/p>\n\n\n\n<p><strong>Blue Mountain Lake, N.Y. <\/strong>- Adirondack Experience (ADKX) a le plaisir d'annoncer \u201c<em><strong>Artistes et inspiration dans la nature<\/strong><\/em>,L'exposition permanente \u201dAdirondack\" est l'exposition la plus compl\u00e8te des collections d'art et de d\u00e9coration du mus\u00e9e depuis sa cr\u00e9ation. L'exposition permanente pr\u00e9sente une interpr\u00e9tation large et inclusive de l'art des Adirondacks \u00e0 travers les si\u00e8cles - des artistes renomm\u00e9s tels que Thomas Cole, Arthur Fitzwilliam Tait, Seneca Ray Stoddard et Rockwell Kent aux artistes novateurs tels qu'Edna West Teall, Glenn Hill, Takeyce Walter et Niio Perkins. L'exposition ouvrira ses portes au public le 1er juillet 2023.<\/p>\n\n\n\n<p>Plus de cinq ans de travail, <em><strong>Artistes et inspiration dans la<\/strong><\/em><em><strong> Sauvage <\/strong><\/em><em>Plus de 250 \u0153uvres seront pr\u00e9sent\u00e9es \u00e0 travers le f<\/em>nos principales galeries qui illustrent comment les caract\u00e9ristiques naturelles des Adirondacks - <em>la lumi\u00e8re, les for\u00eats, l'eau et les montagnes <\/em>- ont suscit\u00e9 les visions cr\u00e9atives de divers peintres, sculpteurs et artisans experts. Pour am\u00e9liorer encore l'exp\u00e9rience des visiteurs, <em><strong>Artistes et inspiration dans la nature<\/strong><\/em> pr\u00e9sente des interactivit\u00e9s sociales innovantes tout au long de l'exposition afin d'offrir aux visiteurs la possibilit\u00e9 de s'engager dans la collection d'une nouvelle mani\u00e8re, par exemple :<\/p>\n\n\n\n<ul class=\"wp-block-list\">\n<li>Un grand <strong>projection au plafond<\/strong> \u00e0 partir d'\u0153uvres de la collection qui pr\u00e9sentent les quatre th\u00e8mes de la gal\u00e8re.<\/li>\n\n\n\n<li>Inspiration <strong>Vid\u00e9os \"Rencontrez les artistes<\/strong>, qui montrent des artistes au travail dans leurs ateliers et dans la nature. &nbsp;<\/li>\n\n\n\n<li>Une composition soign\u00e9e <strong>Paysages sonores ambiants<\/strong> des sons naturels en rapport avec le th\u00e8me principal de chaque galerie - du clapotis des gouttes de pluie au gazouillis des oiseaux en passant par le bruissement des feuilles.<\/li>\n\n\n\n<li>En utilisant des curseurs physiques pour changer la saison ou l'heure de la journ\u00e9e, les visiteurs peuvent utiliser l'application<strong> \u00c9clairage d'une peinture paysag\u00e8re <\/strong>pour voir comment un artiste cr\u00e9e une ambiance.<strong>&nbsp;<\/strong><\/li>\n\n\n\n<li><strong>Bienvenue dans mon studio<\/strong> offre une fen\u00eatre sur l'atelier de l'artiste Barney Bellinger et invite les visiteurs \u00e0 entrer dans le laboratoire d'art ADKX, o\u00f9 ils peuvent cr\u00e9er leurs propres \u0153uvres d'art inspir\u00e9es par les Adirondacks.<\/li>\n<\/ul>\n\n\n\n<p>Chacun des quatre \u00e9l\u00e9ments naturels est la force motrice des \u0153uvres cr\u00e9atives expos\u00e9es dans chaque galerie. Les pi\u00e8ces ont \u00e9t\u00e9 judicieusement dispos\u00e9es de mani\u00e8re \u00e0 inclure un contexte intrigant, tel qu'un panier mohawk et une peinture de paysage qui \u00e9voquent la gu\u00e9rison et la paix de la nature ; une chaise Adirondack et un berceau qui mettent en garde contre le changement climatique ; une peinture et une photographie de 1880 qui d\u00e9montrent l'impact de la technologie sur l'art. Les \u0153uvres iront d'un tesson de poterie du XIIe si\u00e8cle d'un artiste autochtone inconnu \u00e0 une peinture \u00e0 l'huile des ann\u00e9es 1870 qui a servi de premier enregistrement visuel du paysage des Adirondacks, en passant par de somptueuses assiettes \u00e0 d\u00eener des grands camps, des manuscrits de la biblioth\u00e8que ADKX, des paniers qui signifiaient l'amiti\u00e9, des poteries et des portraits qui se rapportent aux questions contemporaines d'aujourd'hui.<\/p>\n\n\n\n<p>\u201cL'art t\u00e9moigne de la puissance de la nature des Adirondacks dans la cr\u00e9ativit\u00e9 humaine\u201d, a d\u00e9clar\u00e9 la conservatrice en chef, Laura Rice. \u201cIl y a tant d'artistes qui travaillent avec des mat\u00e9riaux diff\u00e9rents, \u00e0 des \u00e9poques diff\u00e9rentes, selon des perspectives diff\u00e9rentes, mais ils partagent tous ce sens profond de la connexion avec le paysage des Adirondacks. Les r\u00e9sultats sont stup\u00e9fiants, en particulier lorsque nous r\u00e9unissons ces \u0153uvres dans un m\u00eame espace\u201d.\u201d<\/p>\n\n\n\n<p>Parmi les artistes qui exposeront leurs \u0153uvres, on peut citer &nbsp;<\/p>\n\n\n\n<ul class=\"wp-block-list\">\n<li><strong>Barney Bellinger<\/strong> - Peintre et sculpteur, l'\u0153uvre de Bellinger a \u00e9volu\u00e9, allant des motos et voitures personnalis\u00e9es aux enseignes sculpt\u00e9es \u00e0 la feuille d'or, en passant par les meubles organiques construits \u00e0 partir de mat\u00e9riaux naturels provenant de la for\u00eat. Cet artiste autodidacte a acquis ses connaissances gr\u00e2ce \u00e0 des livres, \u00e0 la sagesse h\u00e9rit\u00e9e et \u00e0 l'immersion dans la beaut\u00e9 des Adirondacks. Ses \u0153uvres ont \u00e9t\u00e9 expos\u00e9es au National Museum of Wildlife Art et figurent dans les collections permanentes de la soci\u00e9t\u00e9 Orvis et de la Smithsonian Institution ; elles sont \u00e9galement tr\u00e8s recherch\u00e9es et font l'objet d'une collection priv\u00e9e.<br><\/li>\n\n\n\n<li><strong>Carrie Hill<\/strong> - Vanni\u00e8re mohawk, Hill est Haudenosaunee du territoire mohawk d'Akwesasne et propri\u00e9taire de Chill Baskets. En 2014, elle a quitt\u00e9 son poste \u00e0 l'\u00e9cole Mohawk de Hogansburg, NY, pour poursuivre \u00e0 plein temps sa tradition familiale de tressage d'\u00e9clisses de fr\u00eane noir et de vannerie de foin d'odeur. Ses \u0153uvres ont \u00e9t\u00e9 envoy\u00e9es dans le monde entier, y compris une collection compl\u00e8te repr\u00e9sentant le peuple Haudenosaunee pour l'ambassade des \u00c9tats-Unis au Swaziland, en Afrique.<\/li>\n<\/ul>\n\n\n\n<ul class=\"wp-block-list\">\n<li><strong>Takeyce Walter<\/strong> - Originaire de Jama\u00efque, peintre am\u00e9ricain contemporain prim\u00e9 et professeur d'art, Walter r\u00e9side actuellement dans le nord de l'\u00c9tat de New York. Travaillant avec de la peinture \u00e0 l'huile et des pastels, elle cr\u00e9e des tableaux qui pr\u00e9sentent le paysage dans toute sa splendeur : rivi\u00e8res coulantes, cieux majestueux et lacs pittoresques. Ses \u0153uvres ont trouv\u00e9 leur place dans de nombreuses collections priv\u00e9es \u00e0 travers le pays et \u00e0 l'\u00e9tranger, y compris dans des mus\u00e9es locaux et des collections d'h\u00f4pitaux.<\/li>\n<\/ul>\n\n\n\n<p>\u201cL'\u00e9tendue et la profondeur de l'art r\u00e9gional pr\u00e9sent\u00e9 dans cette exposition sont dignes des galeries m\u00e9tropolitaines et nous avons la chance de partager cette collection compl\u00e8te au c\u0153ur des Adirondacks\u201d, a d\u00e9clar\u00e9 le directeur g\u00e9n\u00e9ral, David Kahn. \u201cEn regardant et en interagissant avec le processus cr\u00e9atif personnel des artistes, nous esp\u00e9rons que les visiteurs se sentiront inspir\u00e9s et plus connect\u00e9s aux Adirondacks \u00e0 leur mani\u00e8re.\u2019<\/p>\n\n\n\n<p>Cette exposition a \u00e9t\u00e9 rendue possible en partie gr\u00e2ce \u00e0 l'Institute of Museum and Library Service, au National Endowment for the Humanities et au New York State Council on the Arts.<\/p>\n\n\n\n<p>L'Adirondack Experience est extr\u00eamement reconnaissante aux g\u00e9n\u00e9reux donateurs, fondations et entreprises qui ont soutenu <em>Artistes et inspiration dans la nature.<\/em><\/p>\n\n\n\n<p>###<\/p>\n\n\n\n<p><strong>\u00c0 propos de l'Exp\u00e9rience Adirondack, le mus\u00e9e du lac Blue Mountain<\/strong><\/p>\n\n\n\n<p>Adirondack Experience, The Museum on Blue Mountain Lake (ADKX), accr\u00e9dit\u00e9 par l'American Alliance of Museums, partage l'histoire et la culture de la r\u00e9gion des Adirondacks gr\u00e2ce \u00e0 des expositions interactives, des activit\u00e9s pratiques et des collections culturellement riches dans plus de 24 b\u00e2timents historiques et contemporains sur un campus de 121 acres au c\u0153ur des Adirondacks. L'ADKX propose un large \u00e9ventail de programmes et d'activit\u00e9s, notamment des expositions sp\u00e9ciales et permanentes, le centre d'exposition de 19 000 pieds carr\u00e9s <em>La vie dans les Adirondacks <\/em>L'ADKX propose des activit\u00e9s quotidiennes avec des artisans en r\u00e9sidence, des ateliers, des conf\u00e9rences, des promenades dans la nature, des programmes familiaux et \u00e9ducatifs, et des \u00e9v\u00e9nements phares comme la Rustic Furniture Fair, FallFest et le Adirondack Artisan Festival. ADKX propose des activit\u00e9s quotidiennes avec des artisans en r\u00e9sidence, des ateliers, des conf\u00e9rences, des promenades dans la nature, des programmes familiaux et \u00e9ducatifs, ainsi que des \u00e9v\u00e9nements phares tels que le Rustic Furniture Fair, le FallFest et l'Adirondack Artisan Festival. Le mus\u00e9e est financ\u00e9 en partie par les dons du grand public, et une partie de l'aide g\u00e9n\u00e9rale au fonctionnement est rendue possible par le New York State Council on the Arts, avec le soutien du gouverneur Kathy Hochul et de la l\u00e9gislature de l'\u00c9tat de New York. Pour plus d'informations, appelez le 518-352-7311 ou visitez le site www.theADKX.org.<\/p>","protected":false},"excerpt":{"rendered":"<p>Largest Permanent Exhibition Devoted to Adirondack Art in the World Blue Mountain Lake, N.Y. \u2013 Adirondack Experience (ADKX) is excited to announce \u201cArtists &amp; Inspiration in the Wild,\u201d the most [&hellip;]<\/p>\n","protected":false},"author":4,"featured_media":11763,"comment_status":"closed","ping_status":"closed","sticky":false,"template":"","format":"standard","meta":{"_acf_changed":false,"om_disable_all_campaigns":false,"footnotes":""},"categories":[14],"tags":[],"class_list":["post-12161","post","type-post","status-publish","format-standard","has-post-thumbnail","hentry","category-press-room"],"acf":[],"yoast_head":"<!-- This site is optimized with the Yoast SEO Premium plugin v22.8 (Yoast SEO v27.4) - https:\/\/yoast.com\/product\/yoast-seo-premium-wordpress\/ -->\n<title>Artists &amp; Inspiration in the Wild to Be Unveiled at Adirondack Experience | Adirondack Experience<\/title>\n<meta name=\"robots\" content=\"index, follow, max-snippet:-1, max-image-preview:large, max-video-preview:-1\" \/>\n<link rel=\"canonical\" href=\"https:\/\/www.theadkx.org\/fr\/linspiration-des-artistes-dans-la-nature-sera-devoilee-a-ladirondack-experience\/\" \/>\n<meta property=\"og:locale\" content=\"fr_FR\" \/>\n<meta property=\"og:type\" content=\"article\" \/>\n<meta property=\"og:title\" content=\"Artists &amp; Inspiration in the Wild to Be Unveiled at Adirondack Experience\" \/>\n<meta property=\"og:description\" content=\"Largest Permanent Exhibition Devoted to Adirondack Art in the World Blue Mountain Lake, N.Y. \u2013 Adirondack Experience (ADKX) is excited to announce\" \/>\n<meta property=\"og:url\" content=\"https:\/\/www.theadkx.org\/fr\/linspiration-des-artistes-dans-la-nature-sera-devoilee-a-ladirondack-experience\/\" \/>\n<meta property=\"og:site_name\" content=\"Adirondack Experience\" \/>\n<meta property=\"article:publisher\" content=\"https:\/\/www.facebook.com\/theADKX\/\" \/>\n<meta property=\"article:published_time\" content=\"2023-05-25T14:54:00+00:00\" \/>\n<meta property=\"article:modified_time\" content=\"2023-06-15T14:59:45+00:00\" \/>\n<meta property=\"og:image\" content=\"https:\/\/www.theadkx.org\/wp-content\/uploads\/2023\/05\/AI-Accordion-2023-Light.jpg\" \/>\n\t<meta property=\"og:image:width\" content=\"2048\" \/>\n\t<meta property=\"og:image:height\" content=\"1235\" \/>\n\t<meta property=\"og:image:type\" content=\"image\/jpeg\" \/>\n<meta name=\"author\" content=\"Tara Murphy\" \/>\n<meta name=\"twitter:card\" content=\"summary_large_image\" \/>\n<meta name=\"twitter:creator\" content=\"@theadkx\" \/>\n<meta name=\"twitter:site\" content=\"@theadkx\" \/>\n<meta name=\"twitter:label1\" content=\"\u00c9crit par\" \/>\n\t<meta name=\"twitter:data1\" content=\"Tara Murphy\" \/>\n\t<meta name=\"twitter:label2\" content=\"Dur\u00e9e de lecture estim\u00e9e\" \/>\n\t<meta name=\"twitter:data2\" content=\"5 minutes\" \/>\n<script type=\"application\/ld+json\" class=\"yoast-schema-graph\">{\"@context\":\"https:\\\/\\\/schema.org\",\"@graph\":[{\"@type\":\"Article\",\"@id\":\"https:\\\/\\\/www.theadkx.org\\\/es\\\/artists-inspiration-in-the-wild-to-be-unveiled-at-adirondack-experience\\\/#article\",\"isPartOf\":{\"@id\":\"https:\\\/\\\/www.theadkx.org\\\/es\\\/artists-inspiration-in-the-wild-to-be-unveiled-at-adirondack-experience\\\/\"},\"author\":{\"name\":\"Tara Murphy\",\"@id\":\"https:\\\/\\\/www.theadkx.org\\\/#\\\/schema\\\/person\\\/6e347d859fdb5257a5ebe22530b1c126\"},\"headline\":\"Artists &amp; Inspiration in the Wild to Be Unveiled at Adirondack Experience\",\"datePublished\":\"2023-05-25T14:54:00+00:00\",\"dateModified\":\"2023-06-15T14:59:45+00:00\",\"mainEntityOfPage\":{\"@id\":\"https:\\\/\\\/www.theadkx.org\\\/es\\\/artists-inspiration-in-the-wild-to-be-unveiled-at-adirondack-experience\\\/\"},\"wordCount\":1025,\"publisher\":{\"@id\":\"https:\\\/\\\/www.theadkx.org\\\/#organization\"},\"image\":{\"@id\":\"https:\\\/\\\/www.theadkx.org\\\/es\\\/artists-inspiration-in-the-wild-to-be-unveiled-at-adirondack-experience\\\/#primaryimage\"},\"thumbnailUrl\":\"https:\\\/\\\/www.theadkx.org\\\/wp-content\\\/uploads\\\/2023\\\/05\\\/AI-Accordion-2023-Light.jpg\",\"articleSection\":[\"Press Room\"],\"inLanguage\":\"fr-FR\"},{\"@type\":\"WebPage\",\"@id\":\"https:\\\/\\\/www.theadkx.org\\\/es\\\/artists-inspiration-in-the-wild-to-be-unveiled-at-adirondack-experience\\\/\",\"url\":\"https:\\\/\\\/www.theadkx.org\\\/es\\\/artists-inspiration-in-the-wild-to-be-unveiled-at-adirondack-experience\\\/\",\"name\":\"Artists &amp; Inspiration in the Wild to Be Unveiled at Adirondack Experience | Adirondack Experience\",\"isPartOf\":{\"@id\":\"https:\\\/\\\/www.theadkx.org\\\/#website\"},\"primaryImageOfPage\":{\"@id\":\"https:\\\/\\\/www.theadkx.org\\\/es\\\/artists-inspiration-in-the-wild-to-be-unveiled-at-adirondack-experience\\\/#primaryimage\"},\"image\":{\"@id\":\"https:\\\/\\\/www.theadkx.org\\\/es\\\/artists-inspiration-in-the-wild-to-be-unveiled-at-adirondack-experience\\\/#primaryimage\"},\"thumbnailUrl\":\"https:\\\/\\\/www.theadkx.org\\\/wp-content\\\/uploads\\\/2023\\\/05\\\/AI-Accordion-2023-Light.jpg\",\"datePublished\":\"2023-05-25T14:54:00+00:00\",\"dateModified\":\"2023-06-15T14:59:45+00:00\",\"breadcrumb\":{\"@id\":\"https:\\\/\\\/www.theadkx.org\\\/es\\\/artists-inspiration-in-the-wild-to-be-unveiled-at-adirondack-experience\\\/#breadcrumb\"},\"inLanguage\":\"fr-FR\",\"potentialAction\":[{\"@type\":\"ReadAction\",\"target\":[\"https:\\\/\\\/www.theadkx.org\\\/es\\\/artists-inspiration-in-the-wild-to-be-unveiled-at-adirondack-experience\\\/\"]}]},{\"@type\":\"ImageObject\",\"inLanguage\":\"fr-FR\",\"@id\":\"https:\\\/\\\/www.theadkx.org\\\/es\\\/artists-inspiration-in-the-wild-to-be-unveiled-at-adirondack-experience\\\/#primaryimage\",\"url\":\"https:\\\/\\\/www.theadkx.org\\\/wp-content\\\/uploads\\\/2023\\\/05\\\/AI-Accordion-2023-Light.jpg\",\"contentUrl\":\"https:\\\/\\\/www.theadkx.org\\\/wp-content\\\/uploads\\\/2023\\\/05\\\/AI-Accordion-2023-Light.jpg\",\"width\":2048,\"height\":1235,\"caption\":\"Paul Matthews Oil on linen, 50\\\" x 60\\\" x 2.25\\\" 2001.053.0001\"},{\"@type\":\"BreadcrumbList\",\"@id\":\"https:\\\/\\\/www.theadkx.org\\\/es\\\/artists-inspiration-in-the-wild-to-be-unveiled-at-adirondack-experience\\\/#breadcrumb\",\"itemListElement\":[{\"@type\":\"ListItem\",\"position\":1,\"name\":\"Home\",\"item\":\"https:\\\/\\\/www.theadkx.org\\\/homepage\\\/\"},{\"@type\":\"ListItem\",\"position\":2,\"name\":\"Artists &amp; Inspiration in the Wild to Be Unveiled at Adirondack Experience\"}]},{\"@type\":\"WebSite\",\"@id\":\"https:\\\/\\\/www.theadkx.org\\\/#website\",\"url\":\"https:\\\/\\\/www.theadkx.org\\\/\",\"name\":\"Adirondack Experience\",\"description\":\"The Museum on Blue Mountain Lake\",\"publisher\":{\"@id\":\"https:\\\/\\\/www.theadkx.org\\\/#organization\"},\"potentialAction\":[{\"@type\":\"SearchAction\",\"target\":{\"@type\":\"EntryPoint\",\"urlTemplate\":\"https:\\\/\\\/www.theadkx.org\\\/?s={search_term_string}\"},\"query-input\":{\"@type\":\"PropertyValueSpecification\",\"valueRequired\":true,\"valueName\":\"search_term_string\"}}],\"inLanguage\":\"fr-FR\"},{\"@type\":\"Organization\",\"@id\":\"https:\\\/\\\/www.theadkx.org\\\/#organization\",\"name\":\"Adirondack Experience, The Museum on Blue Mountain Lake\",\"url\":\"https:\\\/\\\/www.theadkx.org\\\/\",\"logo\":{\"@type\":\"ImageObject\",\"inLanguage\":\"fr-FR\",\"@id\":\"https:\\\/\\\/www.theadkx.org\\\/#\\\/schema\\\/logo\\\/image\\\/\",\"url\":\"https:\\\/\\\/www.theadkx.org\\\/wp-content\\\/uploads\\\/2021\\\/03\\\/ADKX_LOGO.png\",\"contentUrl\":\"https:\\\/\\\/www.theadkx.org\\\/wp-content\\\/uploads\\\/2021\\\/03\\\/ADKX_LOGO.png\",\"width\":440,\"height\":276,\"caption\":\"Adirondack Experience, The Museum on Blue Mountain Lake\"},\"image\":{\"@id\":\"https:\\\/\\\/www.theadkx.org\\\/#\\\/schema\\\/logo\\\/image\\\/\"},\"sameAs\":[\"https:\\\/\\\/www.facebook.com\\\/theADKX\\\/\",\"https:\\\/\\\/x.com\\\/theadkx\",\"https:\\\/\\\/www.instagram.com\\\/theadkx\\\/\",\"https:\\\/\\\/www.youtube.com\\\/user\\\/AdirondackMuseum\"]},{\"@type\":\"Person\",\"@id\":\"https:\\\/\\\/www.theadkx.org\\\/#\\\/schema\\\/person\\\/6e347d859fdb5257a5ebe22530b1c126\",\"name\":\"Tara Murphy\",\"image\":{\"@type\":\"ImageObject\",\"inLanguage\":\"fr-FR\",\"@id\":\"https:\\\/\\\/secure.gravatar.com\\\/avatar\\\/868d6eab9f151763f6a39a70fceb97409b7b7f745f593694c0bc7e20c9505e9d?s=96&d=mm&r=g\",\"url\":\"https:\\\/\\\/secure.gravatar.com\\\/avatar\\\/868d6eab9f151763f6a39a70fceb97409b7b7f745f593694c0bc7e20c9505e9d?s=96&d=mm&r=g\",\"contentUrl\":\"https:\\\/\\\/secure.gravatar.com\\\/avatar\\\/868d6eab9f151763f6a39a70fceb97409b7b7f745f593694c0bc7e20c9505e9d?s=96&d=mm&r=g\",\"caption\":\"Tara Murphy\"}}]}<\/script>\n<!-- \/ Yoast SEO Premium plugin. -->","yoast_head_json":{"title":"Les artistes et l'inspiration dans la nature seront d\u00e9voil\u00e9s \u00e0 Adirondack Experience | Adirondack Experience","robots":{"index":"index","follow":"follow","max-snippet":"max-snippet:-1","max-image-preview":"max-image-preview:large","max-video-preview":"max-video-preview:-1"},"canonical":"https:\/\/www.theadkx.org\/fr\/linspiration-des-artistes-dans-la-nature-sera-devoilee-a-ladirondack-experience\/","og_locale":"fr_FR","og_type":"article","og_title":"Artists &amp; Inspiration in the Wild to Be Unveiled at Adirondack Experience","og_description":"Largest Permanent Exhibition Devoted to Adirondack Art in the World Blue Mountain Lake, N.Y. \u2013 Adirondack Experience (ADKX) is excited to announce","og_url":"https:\/\/www.theadkx.org\/fr\/linspiration-des-artistes-dans-la-nature-sera-devoilee-a-ladirondack-experience\/","og_site_name":"Adirondack Experience","article_publisher":"https:\/\/www.facebook.com\/theADKX\/","article_published_time":"2023-05-25T14:54:00+00:00","article_modified_time":"2023-06-15T14:59:45+00:00","og_image":[{"width":2048,"height":1235,"url":"https:\/\/www.theadkx.org\/wp-content\/uploads\/2023\/05\/AI-Accordion-2023-Light.jpg","type":"image\/jpeg"}],"author":"Tara Murphy","twitter_card":"summary_large_image","twitter_creator":"@theadkx","twitter_site":"@theadkx","twitter_misc":{"\u00c9crit par":"Tara Murphy","Dur\u00e9e de lecture estim\u00e9e":"5 minutes"},"schema":{"@context":"https:\/\/schema.org","@graph":[{"@type":"Article","@id":"https:\/\/www.theadkx.org\/es\/artists-inspiration-in-the-wild-to-be-unveiled-at-adirondack-experience\/#article","isPartOf":{"@id":"https:\/\/www.theadkx.org\/es\/artists-inspiration-in-the-wild-to-be-unveiled-at-adirondack-experience\/"},"author":{"name":"Tara Murphy","@id":"https:\/\/www.theadkx.org\/#\/schema\/person\/6e347d859fdb5257a5ebe22530b1c126"},"headline":"Artists &amp; Inspiration in the Wild to Be Unveiled at Adirondack Experience","datePublished":"2023-05-25T14:54:00+00:00","dateModified":"2023-06-15T14:59:45+00:00","mainEntityOfPage":{"@id":"https:\/\/www.theadkx.org\/es\/artists-inspiration-in-the-wild-to-be-unveiled-at-adirondack-experience\/"},"wordCount":1025,"publisher":{"@id":"https:\/\/www.theadkx.org\/#organization"},"image":{"@id":"https:\/\/www.theadkx.org\/es\/artists-inspiration-in-the-wild-to-be-unveiled-at-adirondack-experience\/#primaryimage"},"thumbnailUrl":"https:\/\/www.theadkx.org\/wp-content\/uploads\/2023\/05\/AI-Accordion-2023-Light.jpg","articleSection":["Press Room"],"inLanguage":"fr-FR"},{"@type":"WebPage","@id":"https:\/\/www.theadkx.org\/es\/artists-inspiration-in-the-wild-to-be-unveiled-at-adirondack-experience\/","url":"https:\/\/www.theadkx.org\/es\/artists-inspiration-in-the-wild-to-be-unveiled-at-adirondack-experience\/","name":"Les artistes et l'inspiration dans la nature seront d\u00e9voil\u00e9s \u00e0 Adirondack Experience | Adirondack Experience","isPartOf":{"@id":"https:\/\/www.theadkx.org\/#website"},"primaryImageOfPage":{"@id":"https:\/\/www.theadkx.org\/es\/artists-inspiration-in-the-wild-to-be-unveiled-at-adirondack-experience\/#primaryimage"},"image":{"@id":"https:\/\/www.theadkx.org\/es\/artists-inspiration-in-the-wild-to-be-unveiled-at-adirondack-experience\/#primaryimage"},"thumbnailUrl":"https:\/\/www.theadkx.org\/wp-content\/uploads\/2023\/05\/AI-Accordion-2023-Light.jpg","datePublished":"2023-05-25T14:54:00+00:00","dateModified":"2023-06-15T14:59:45+00:00","breadcrumb":{"@id":"https:\/\/www.theadkx.org\/es\/artists-inspiration-in-the-wild-to-be-unveiled-at-adirondack-experience\/#breadcrumb"},"inLanguage":"fr-FR","potentialAction":[{"@type":"ReadAction","target":["https:\/\/www.theadkx.org\/es\/artists-inspiration-in-the-wild-to-be-unveiled-at-adirondack-experience\/"]}]},{"@type":"ImageObject","inLanguage":"fr-FR","@id":"https:\/\/www.theadkx.org\/es\/artists-inspiration-in-the-wild-to-be-unveiled-at-adirondack-experience\/#primaryimage","url":"https:\/\/www.theadkx.org\/wp-content\/uploads\/2023\/05\/AI-Accordion-2023-Light.jpg","contentUrl":"https:\/\/www.theadkx.org\/wp-content\/uploads\/2023\/05\/AI-Accordion-2023-Light.jpg","width":2048,"height":1235,"caption":"Paul Matthews Oil on linen, 50\" x 60\" x 2.25\" 2001.053.0001"},{"@type":"BreadcrumbList","@id":"https:\/\/www.theadkx.org\/es\/artists-inspiration-in-the-wild-to-be-unveiled-at-adirondack-experience\/#breadcrumb","itemListElement":[{"@type":"ListItem","position":1,"name":"Home","item":"https:\/\/www.theadkx.org\/homepage\/"},{"@type":"ListItem","position":2,"name":"Artists &amp; Inspiration in the Wild to Be Unveiled at Adirondack Experience"}]},{"@type":"WebSite","@id":"https:\/\/www.theadkx.org\/#website","url":"https:\/\/www.theadkx.org\/","name":"L'exp\u00e9rience des Adirondacks","description":"Le mus\u00e9e du lac Blue Mountain","publisher":{"@id":"https:\/\/www.theadkx.org\/#organization"},"potentialAction":[{"@type":"SearchAction","target":{"@type":"EntryPoint","urlTemplate":"https:\/\/www.theadkx.org\/?s={search_term_string}"},"query-input":{"@type":"PropertyValueSpecification","valueRequired":true,"valueName":"search_term_string"}}],"inLanguage":"fr-FR"},{"@type":"Organization","@id":"https:\/\/www.theadkx.org\/#organization","name":"Adirondack Experience, le mus\u00e9e du lac Blue Mountain","url":"https:\/\/www.theadkx.org\/","logo":{"@type":"ImageObject","inLanguage":"fr-FR","@id":"https:\/\/www.theadkx.org\/#\/schema\/logo\/image\/","url":"https:\/\/www.theadkx.org\/wp-content\/uploads\/2021\/03\/ADKX_LOGO.png","contentUrl":"https:\/\/www.theadkx.org\/wp-content\/uploads\/2021\/03\/ADKX_LOGO.png","width":440,"height":276,"caption":"Adirondack Experience, The Museum on Blue Mountain Lake"},"image":{"@id":"https:\/\/www.theadkx.org\/#\/schema\/logo\/image\/"},"sameAs":["https:\/\/www.facebook.com\/theADKX\/","https:\/\/x.com\/theadkx","https:\/\/www.instagram.com\/theadkx\/","https:\/\/www.youtube.com\/user\/AdirondackMuseum"]},{"@type":"Person","@id":"https:\/\/www.theadkx.org\/#\/schema\/person\/6e347d859fdb5257a5ebe22530b1c126","name":"Tara Murphy","image":{"@type":"ImageObject","inLanguage":"fr-FR","@id":"https:\/\/secure.gravatar.com\/avatar\/868d6eab9f151763f6a39a70fceb97409b7b7f745f593694c0bc7e20c9505e9d?s=96&d=mm&r=g","url":"https:\/\/secure.gravatar.com\/avatar\/868d6eab9f151763f6a39a70fceb97409b7b7f745f593694c0bc7e20c9505e9d?s=96&d=mm&r=g","contentUrl":"https:\/\/secure.gravatar.com\/avatar\/868d6eab9f151763f6a39a70fceb97409b7b7f745f593694c0bc7e20c9505e9d?s=96&d=mm&r=g","caption":"Tara Murphy"}}]}},"_links":{"self":[{"href":"https:\/\/www.theadkx.org\/fr\/wp-json\/wp\/v2\/posts\/12161","targetHints":{"allow":["GET"]}}],"collection":[{"href":"https:\/\/www.theadkx.org\/fr\/wp-json\/wp\/v2\/posts"}],"about":[{"href":"https:\/\/www.theadkx.org\/fr\/wp-json\/wp\/v2\/types\/post"}],"author":[{"embeddable":true,"href":"https:\/\/www.theadkx.org\/fr\/wp-json\/wp\/v2\/users\/4"}],"replies":[{"embeddable":true,"href":"https:\/\/www.theadkx.org\/fr\/wp-json\/wp\/v2\/comments?post=12161"}],"version-history":[{"count":2,"href":"https:\/\/www.theadkx.org\/fr\/wp-json\/wp\/v2\/posts\/12161\/revisions"}],"predecessor-version":[{"id":12163,"href":"https:\/\/www.theadkx.org\/fr\/wp-json\/wp\/v2\/posts\/12161\/revisions\/12163"}],"wp:featuredmedia":[{"embeddable":true,"href":"https:\/\/www.theadkx.org\/fr\/wp-json\/wp\/v2\/media\/11763"}],"wp:attachment":[{"href":"https:\/\/www.theadkx.org\/fr\/wp-json\/wp\/v2\/media?parent=12161"}],"wp:term":[{"taxonomy":"category","embeddable":true,"href":"https:\/\/www.theadkx.org\/fr\/wp-json\/wp\/v2\/categories?post=12161"},{"taxonomy":"post_tag","embeddable":true,"href":"https:\/\/www.theadkx.org\/fr\/wp-json\/wp\/v2\/tags?post=12161"}],"curies":[{"name":"wp","href":"https:\/\/api.w.org\/{rel}","templated":true}]}}